{"id":24596,"date":"2018-09-13T09:11:25","date_gmt":"2018-09-13T09:11:25","guid":{"rendered":"http:\/\/radiostargjilan.com\/web\/?p=24596"},"modified":"2018-09-13T09:11:25","modified_gmt":"2018-09-13T09:11:25","slug":"avni-behluli-do-te-paraqitet-me-ekspozite-personale-ne-galerine-e-ministrise-se-kultures","status":"publish","type":"post","link":"https:\/\/radiostargjilan.com\/web\/avni-behluli-do-te-paraqitet-me-ekspozite-personale-ne-galerine-e-ministrise-se-kultures\/","title":{"rendered":"Avni Behluli do t\u00eb paraqitet me ekspozit\u00eb personale n\u00eb Galerin\u00eb e Ministris\u00eb s\u00eb Kultur\u00ebs"},"content":{"rendered":"<p>Skulptori i mir\u00ebnjohur gjilanas e kosovar Avni Behluli do t\u00eb hap ekspozit\u00eb personale t\u00eb titulluar \u201cMiti p\u00ebr jet\u00ebn\u201d. Si\u00e7 ka theksuar Behluli n\u00eb k\u00ebt\u00eb ekspozit\u00eb ai do t\u00eb paraqitet ,me 34 punime, vizatime, grafika e instilacion.<br \/>\nEkspozita do t\u00eb mbahet n\u00eb Galerin\u00eb e Ministris\u00eb s\u00eb Kultur\u00ebs n\u00eb Prishtin\u00eb dhe\u00a0 hapja do t\u00eb jet\u00eb ket\u00eb t\u00eb ente m\u00eb 13 shtator 2018\u00a0 me fillim n\u00eb ora 19.<\/p>\n","protected":false},"excerpt":{"rendered":"<p>Skulptori i mir\u00ebnjohur gjilanas e kosovar Avni Behluli do t\u00eb hap ekspozit\u00eb personale t\u00eb titulluar \u201cMiti p\u00ebr jet\u00ebn\u201d. Si\u00e7 ka theksuar Behluli n\u00eb k\u00ebt\u00eb ekspozit\u00eb ai do t\u00eb paraqitet ,me 34 punime, vizatime, grafika e instilacion. Ekspozita do t\u00eb mbahet n\u00eb Galerin\u00eb e Ministris\u00eb s\u00eb Kultur\u00ebs n\u00eb Prishtin\u00eb dhe\u00a0 hapja do t\u00eb jet\u00eb ket\u00eb t\u00eb [&hellip;]<\/p>\n","protected":false},"author":1,"featured_media":24597,"comment_status":"closed","ping_status":"closed","sticky":false,"template":"","format":"standard","meta":{"footnotes":""},"categories":[5],"tags":[],"class_list":{"0":"post-24596","1":"post","2":"type-post","3":"status-publish","4":"format-standard","5":"has-post-thumbnail","7":"category-lajme"},"_links":{"self":[{"href":"https:\/\/radiostargjilan.com\/web\/wp-json\/wp\/v2\/posts\/24596","targetHints":{"allow":["GET"]}}],"collection":[{"href":"https:\/\/radiostargjilan.com\/web\/wp-json\/wp\/v2\/posts"}],"about":[{"href":"https:\/\/radiostargjilan.com\/web\/wp-json\/wp\/v2\/types\/post"}],"author":[{"embeddable":true,"href":"https:\/\/radiostargjilan.com\/web\/wp-json\/wp\/v2\/users\/1"}],"replies":[{"embeddable":true,"href":"https:\/\/radiostargjilan.com\/web\/wp-json\/wp\/v2\/comments?post=24596"}],"version-history":[{"count":0,"href":"https:\/\/radiostargjilan.com\/web\/wp-json\/wp\/v2\/posts\/24596\/revisions"}],"wp:featuredmedia":[{"embeddable":true,"href":"https:\/\/radiostargjilan.com\/web\/wp-json\/wp\/v2\/media\/24597"}],"wp:attachment":[{"href":"https:\/\/radiostargjilan.com\/web\/wp-json\/wp\/v2\/media?parent=24596"}],"wp:term":[{"taxonomy":"category","embeddable":true,"href":"https:\/\/radiostargjilan.com\/web\/wp-json\/wp\/v2\/categories?post=24596"},{"taxonomy":"post_tag","embeddable":true,"href":"https:\/\/radiostargjilan.com\/web\/wp-json\/wp\/v2\/tags?post=24596"}],"curies":[{"name":"wp","href":"https:\/\/api.w.org\/{rel}","templated":true}]}}