{"id":24683,"date":"2018-09-14T09:31:59","date_gmt":"2018-09-14T09:31:59","guid":{"rendered":"http:\/\/radiostargjilan.com\/web\/?p=24683"},"modified":"2018-09-14T09:31:59","modified_gmt":"2018-09-14T09:31:59","slug":"gjilan-fjaloset-me-gruan-e-largon-nga-shtepia-bashke-me-femijet","status":"publish","type":"post","link":"https:\/\/radiostargjilan.com\/web\/gjilan-fjaloset-me-gruan-e-largon-nga-shtepia-bashke-me-femijet\/","title":{"rendered":"Gjilan: Fjaloset me gruan, e largon nga sht\u00ebpia bashk\u00eb me f\u00ebmij\u00ebt"},"content":{"rendered":"<p>Policia e Kosov\u00ebs, n\u00eb raportin e saj ditor, ka b\u00ebr\u00eb t\u00eb ditur p\u00ebr nj\u00eb rast t\u00eb dhun\u00ebs n\u00eb familje, ku n\u00eb Gjilan, \u00ebsht\u00eb arrestuar i dyshuari, i cili pas nj\u00eb fjalosje me bashk\u00ebshorten e tij, e ka larguar nga sht\u00ebpia s\u00eb bashku me f\u00ebmij\u00ebt.<br \/>\nI dyshuari pas intervistimit me vendimin e prokurorit, d\u00ebrgohet n\u00eb qendr\u00ebn e mbajtjes.<\/p>\n","protected":false},"excerpt":{"rendered":"<p>Policia e Kosov\u00ebs, n\u00eb raportin e saj ditor, ka b\u00ebr\u00eb t\u00eb ditur p\u00ebr nj\u00eb rast t\u00eb dhun\u00ebs n\u00eb familje, ku n\u00eb Gjilan, \u00ebsht\u00eb arrestuar i dyshuari, i cili pas nj\u00eb fjalosje me bashk\u00ebshorten e tij, e ka larguar nga sht\u00ebpia s\u00eb bashku me f\u00ebmij\u00ebt. I dyshuari pas intervistimit me vendimin e prokurorit, d\u00ebrgohet n\u00eb qendr\u00ebn [&hellip;]<\/p>\n","protected":false},"author":1,"featured_media":23336,"comment_status":"closed","ping_status":"closed","sticky":false,"template":"","format":"standard","meta":{"footnotes":""},"categories":[5],"tags":[],"class_list":{"0":"post-24683","1":"post","2":"type-post","3":"status-publish","4":"format-standard","5":"has-post-thumbnail","7":"category-lajme"},"_links":{"self":[{"href":"https:\/\/radiostargjilan.com\/web\/wp-json\/wp\/v2\/posts\/24683","targetHints":{"allow":["GET"]}}],"collection":[{"href":"https:\/\/radiostargjilan.com\/web\/wp-json\/wp\/v2\/posts"}],"about":[{"href":"https:\/\/radiostargjilan.com\/web\/wp-json\/wp\/v2\/types\/post"}],"author":[{"embeddable":true,"href":"https:\/\/radiostargjilan.com\/web\/wp-json\/wp\/v2\/users\/1"}],"replies":[{"embeddable":true,"href":"https:\/\/radiostargjilan.com\/web\/wp-json\/wp\/v2\/comments?post=24683"}],"version-history":[{"count":0,"href":"https:\/\/radiostargjilan.com\/web\/wp-json\/wp\/v2\/posts\/24683\/revisions"}],"wp:featuredmedia":[{"embeddable":true,"href":"https:\/\/radiostargjilan.com\/web\/wp-json\/wp\/v2\/media\/23336"}],"wp:attachment":[{"href":"https:\/\/radiostargjilan.com\/web\/wp-json\/wp\/v2\/media?parent=24683"}],"wp:term":[{"taxonomy":"category","embeddable":true,"href":"https:\/\/radiostargjilan.com\/web\/wp-json\/wp\/v2\/categories?post=24683"},{"taxonomy":"post_tag","embeddable":true,"href":"https:\/\/radiostargjilan.com\/web\/wp-json\/wp\/v2\/tags?post=24683"}],"curies":[{"name":"wp","href":"https:\/\/api.w.org\/{rel}","templated":true}]}}