{"id":24768,"date":"2018-09-15T08:58:20","date_gmt":"2018-09-15T08:58:20","guid":{"rendered":"http:\/\/radiostargjilan.com\/web\/?p=24768"},"modified":"2018-09-15T08:58:20","modified_gmt":"2018-09-15T08:58:20","slug":"rreth-100-shkolla-ne-kosove-punojne-me-plan-program-te-serbise","status":"publish","type":"post","link":"https:\/\/radiostargjilan.com\/web\/rreth-100-shkolla-ne-kosove-punojne-me-plan-program-te-serbise\/","title":{"rendered":"RRETH 100 SHKOLLA N\u00cb KOSOV\u00cb PUNOJN\u00cb ME PLAN-PROGRAM T\u00cb SERBIS\u00cb"},"content":{"rendered":"<p>Ndon\u00ebse \u00ebsht\u00eb n\u00eb territorin e Republik\u00ebs s\u00eb Kosov\u00ebs, shkolla \u201cJovan Cvijic\u201d n\u00eb Sht\u00ebrpc\u00eb asgj\u00eb tjet\u00ebr nuk e lidh me k\u00ebt\u00eb shtet.<br \/>\nPlan programi arsimor n\u00eb k\u00ebt\u00eb objekt shkollor q\u00eb m\u00ebsojn\u00eb nx\u00ebn\u00ebs serb\u00eb t\u00eb shkoll\u00ebs s\u00eb mesme t\u00eb mjek\u00ebsis\u00eb, gjimnazi, ekonomiku dhe teknika, zhvillohet sipas atij t\u00eb Serbis\u00eb, raporton Ktv.<br \/>\nDrejtori i k\u00ebsaj shkolle tregon se asgj\u00eb nuk kan\u00eb t\u00eb b\u00ebjn\u00eb me institucionet e Kosov\u00ebs.<br \/>\nP\u00ebrve\u00e7 k\u00ebsaj edhe pagat i marrin nga Qeveria Serbe.<\/p>\n<p>T\u2019ju tregoj se shkolla punon me sistemin e Republik\u00ebs s\u00eb Serbis\u00eb sipas plan programit t\u00eb Ministris\u00eb s\u00eb Arsimit. Shkolla nuk e ka nd\u00ebrprer\u00eb pun\u00ebn me Serbin\u00eb si\u00e7 punohet n\u00eb Serbi punohet edhe k\u00ebtu me k\u00ebt\u00eb program. Ne marrim pag\u00ebn nga buxheti i Serbis\u00eb drejtp\u00ebrdrejt. Nd\u00ebrsa nga institucione e Kosov\u00ebs nuk marrin kurrfar\u00eb lloj page\u201d, ka th\u00ebn\u00eb Novica Krstic, drejtor i k\u00ebsaj shkolle.<br \/>\nP\u00ebr njoh\u00ebsit e arsimit, sistemin paralel t\u00eb arsimimit serb n\u00eb territorin e Kosov\u00ebs m\u00eb shum\u00eb \u00ebsht\u00eb politik.<br \/>\nRinor Qehaja ka th\u00ebn\u00eb se shqet\u00ebsuese \u00ebsht\u00eb fakti q\u00eb p\u00ebrmbajtja e librave shkollor konteston shtet\u00ebsin\u00eb e Kosov\u00ebs.<\/p>\n<p>Nd\u00ebrsa p\u00ebrkund\u00ebr q\u00eb Ministria e Arsimit nuk ka ende di\u00e7ka konkrete, thot\u00eb q\u00eb \u00ebsht\u00eb duke b\u00ebr\u00eb nj\u00eb pilot projekt me t\u00eb cilin do t\u00eb fillojn\u00eb q\u00eb k\u00ebto shkolla ti integrojn\u00eb gradualisht n\u00eb sistemin e arsimit t\u00eb Kosov\u00ebs.<br \/>\nNdryshe m\u00eb shum\u00eb se 100 shkolla fillore dhe t\u00eb mesme funksionojn\u00eb sipas plan programit serb dhe kjo u garantohet me an\u00eb t\u00eb Pakos s\u00eb Ahtisarit.<\/p>\n","protected":false},"excerpt":{"rendered":"<p>Ndon\u00ebse \u00ebsht\u00eb n\u00eb territorin e Republik\u00ebs s\u00eb Kosov\u00ebs, shkolla \u201cJovan Cvijic\u201d n\u00eb Sht\u00ebrpc\u00eb asgj\u00eb tjet\u00ebr nuk e lidh me k\u00ebt\u00eb shtet. Plan programi arsimor n\u00eb k\u00ebt\u00eb objekt shkollor q\u00eb m\u00ebsojn\u00eb nx\u00ebn\u00ebs serb\u00eb t\u00eb shkoll\u00ebs s\u00eb mesme t\u00eb mjek\u00ebsis\u00eb, gjimnazi, ekonomiku dhe teknika, zhvillohet sipas atij t\u00eb Serbis\u00eb, raporton Ktv. Drejtori i k\u00ebsaj shkolle tregon se [&hellip;]<\/p>\n","protected":false},"author":1,"featured_media":24769,"comment_status":"closed","ping_status":"closed","sticky":false,"template":"","format":"standard","meta":{"footnotes":""},"categories":[5],"tags":[],"class_list":{"0":"post-24768","1":"post","2":"type-post","3":"status-publish","4":"format-standard","5":"has-post-thumbnail","7":"category-lajme"},"_links":{"self":[{"href":"https:\/\/radiostargjilan.com\/web\/wp-json\/wp\/v2\/posts\/24768","targetHints":{"allow":["GET"]}}],"collection":[{"href":"https:\/\/radiostargjilan.com\/web\/wp-json\/wp\/v2\/posts"}],"about":[{"href":"https:\/\/radiostargjilan.com\/web\/wp-json\/wp\/v2\/types\/post"}],"author":[{"embeddable":true,"href":"https:\/\/radiostargjilan.com\/web\/wp-json\/wp\/v2\/users\/1"}],"replies":[{"embeddable":true,"href":"https:\/\/radiostargjilan.com\/web\/wp-json\/wp\/v2\/comments?post=24768"}],"version-history":[{"count":0,"href":"https:\/\/radiostargjilan.com\/web\/wp-json\/wp\/v2\/posts\/24768\/revisions"}],"wp:featuredmedia":[{"embeddable":true,"href":"https:\/\/radiostargjilan.com\/web\/wp-json\/wp\/v2\/media\/24769"}],"wp:attachment":[{"href":"https:\/\/radiostargjilan.com\/web\/wp-json\/wp\/v2\/media?parent=24768"}],"wp:term":[{"taxonomy":"category","embeddable":true,"href":"https:\/\/radiostargjilan.com\/web\/wp-json\/wp\/v2\/categories?post=24768"},{"taxonomy":"post_tag","embeddable":true,"href":"https:\/\/radiostargjilan.com\/web\/wp-json\/wp\/v2\/tags?post=24768"}],"curies":[{"name":"wp","href":"https:\/\/api.w.org\/{rel}","templated":true}]}}