{"id":24884,"date":"2018-09-16T10:33:33","date_gmt":"2018-09-16T10:33:33","guid":{"rendered":"http:\/\/radiostargjilan.com\/web\/?p=24884"},"modified":"2018-09-16T10:33:33","modified_gmt":"2018-09-16T10:33:33","slug":"taksa-goditje-per-integrimin-ekonomik-te-kosoves-dhe-shqiperise","status":"publish","type":"post","link":"https:\/\/radiostargjilan.com\/web\/taksa-goditje-per-integrimin-ekonomik-te-kosoves-dhe-shqiperise\/","title":{"rendered":"TAKSA, GODITJE P\u00cbR INTEGRIMIN EKONOMIK T\u00cb KOSOV\u00cbS DHE SHQIP\u00cbRIS\u00cb"},"content":{"rendered":"<p>T\u00eb h\u00ebn\u00eb (17 shtator) do t\u00eb rinis\u00eb aplikimi i taks\u00ebs rrugore n\u00eb autostrad\u00ebn \u2018Rruga e Kombit\u2019. Me k\u00ebt\u00eb rast, qytetar\u00ebt e Kosov\u00ebs do t\u00eb paguajn\u00eb 5 euro p\u00ebr nj\u00eb drejtim n\u00eb kalim p\u00ebr n\u00eb Shqip\u00ebri.<\/p>\n<p>Kjo taks\u00eb do t\u00eb k\u00ebt\u00eb pasoja jo vet\u00ebm p\u00ebr xhepin e qytetar\u00ebve t\u00eb cil\u00ebt p\u00ebr \u00e7do kalim n\u00eb k\u00ebt\u00eb rrug\u00eb do t\u00eb paguajn\u00eb, por edhe p\u00ebr bizneset.<br \/>\nNjoh\u00ebsi i \u00e7\u00ebshtjeve ekonomike, Naim Gashi p\u00ebr Indeksonline thot\u00eb se taksa e Qeveris\u00eb Rama \u00ebsht\u00eb goditje p\u00ebr integrimin ekonomik t\u00eb dy vendeve.<br \/>\n\u201cTaksa e vendosur nga Qeveria Rama \u00ebsht\u00eb nj\u00eb goditje p\u00ebr integrimin ekonomik t\u00eb dy vendeve. E nd\u00ebrtuar nga ish-kryeministri Berisha me dedikim p\u00ebr p\u00ebrafrimin nd\u00ebrmjet dy vendeve dhe nxitjen e bashk\u00ebpunimit ekonomik, me k\u00ebt\u00eb takse do t\u00eb frenohen shk\u00ebmbimet tregtare nd\u00ebrmjet dy vendeve dhe do t\u00eb p\u00ebrfitojn\u00eb ekonomit\u00eb e vendet fqinje\u201d, ka th\u00ebn\u00eb Gashi.<br \/>\nAi ka shtuar se me leht\u00eb eksportuesit kosovar\u00eb eksportojn\u00eb mallrat e tyre n\u00eb Zvic\u00ebr sesa n\u00eb Shqip\u00ebri, duke theksuar se p\u00ebr nj\u00eb rrug\u00eb t\u00eb ngjashme n\u00eb Maqedoni paguhet 1 euro.<br \/>\n\u201cP\u00ebr nj\u00eb rrug\u00eb t\u00eb ngjashme n\u00eb Maqedoni paguhet 1 euro, nd\u00ebrsa qeveria Rama po ngarkon barr\u00ebn fiskale p\u00ebr shqiptar\u00ebt e Kosov\u00ebs n\u00eb interes t\u00eb oligark\u00ebve t\u00eb tij. Diskursi publik i Ram\u00ebs \u00ebsht\u00eb tipik demagogjik, nd\u00ebrsa n\u00eb fakt gjat\u00eb qeverisjes s\u00eb tij ka pas pengesa burokratike ku \u00ebsht\u00eb pamund\u00ebsuar eksporti i prodhimeve kosovare n\u00eb Shqip\u00ebr. \u00cbsht\u00eb bot\u00ebrisht e ditur se m\u00eb leht\u00eb eksportuesit kosovar\u00eb eksportojn\u00eb mallrat e tyre n\u00eb Zvic\u00ebr sesa n\u00eb Shqip\u00ebri\u201d, ka shtuari.<br \/>\nN\u00eb an\u00ebn tjet\u00ebr, Lul\u00ebzim Beiqir, njoh\u00ebs i ekonomis\u00eb thot\u00eb se taksa rrugore do t\u00eb ndikoj\u00eb n\u00eb rritjen e \u00e7mimeve t\u00eb produkteve n\u00eb Kosov\u00eb q\u00eb vin\u00eb nga ana tjet\u00ebr e kufirit.<br \/>\nBeqiri thekson se kjo taks\u00eb \u00ebsht\u00eb shum\u00eb e lart\u00eb p\u00ebr bizneset.<br \/>\n\u201cTaksa rrugore e cila \u00ebsht\u00eb planifikuar t\u00eb vihet k\u00ebto dit\u00eb nga ana e Republik\u00ebs s\u00eb Shqip\u00ebris\u00eb ka ngritur shqet\u00ebsime t\u00eb m\u00ebdha nga qytetaret e Kosov\u00ebs, gjithashtu edhe bizneset kosovare kan\u00eb edhe nj\u00eb barrier\u00eb shtes\u00eb n\u00eb operimin e tyre. Fillimi i aplikimit t\u00eb taks\u00ebs rrugore nga ana e Shqip\u00ebris\u00eb do t\u00eb ndikoj\u00eb duksh\u00ebm n\u00eb rritjen e \u00e7mimeve n\u00eb Kosov\u00eb, sidomos p\u00ebr produktet q\u00eb vijn\u00eb nga ana tjet\u00ebr e kufirit, \u00e7mimi \u00ebsht\u00eb jasht\u00ebzakonisht i lart\u00eb p\u00ebr bizneset kosovare dhe mendoj se duhet t\u00eb rishikohet tarifa edhe nj\u00eb her\u00eb, sepse bizneset e t\u00eb dyja vendeve kan\u00eb nevoj\u00eb p\u00ebr leht\u00ebsira jo p\u00ebr barrier\u201d, ka th\u00ebn\u00eb mes t\u00eb tjerash Beqiri.<br \/>\nAi ka shtuar se rritja e eksporteve nd\u00ebrmjet dy vendeve do n\u00eb ndikonte n\u00eb ngritjen e produktivitetit t\u00eb kompanive.<br \/>\n\u201cP\u00ebr vendet e vogla si Shqip\u00ebria dhe Kosova, promovimi i eksporteve \u00ebsht\u00eb tejet i r\u00ebnd\u00ebsish\u00ebm p\u00ebr zhvillimin ekonomik, gj\u00eb q\u00eb reflektohet n\u00eb krijim t\u00eb vendeve t\u00eb pun\u00ebs dhe mbi t\u00eb gjitha n\u00eb rritje ekonomike. Rritja e eksporteve ndikon drejtp\u00ebrdrejt n\u00eb ngritjen e produktivitetit t\u00eb kompanive dhe nj\u00ebkoh\u00ebsisht \u00ebsht\u00eb nj\u00eb shtyt\u00ebs shum\u00eb i mir\u00eb i krijimit t\u00eb mund\u00ebsive p\u00ebr specializim dhe ngritje t\u00eb kualitetit t\u00eb produkteve t\u00eb ofruara\u201d, ka shtuar ai.<br \/>\nEdhe Shoqata e Naftar\u00ebve t\u00eb Kosov\u00ebs ka reaguar p\u00ebr taks\u00ebn rrugore t\u00eb v\u00ebn\u00eb nga Shqip\u00ebria.<br \/>\nKryetari i Shoqat\u00ebs se Naftar\u00ebve, Fadil Berjani p\u00ebr Indeksonline ka th\u00ebn\u00eb se kjo taks\u00eb do t\u00eb ngrit\u00eb \u00e7mimin e derivateve n\u00eb Kosov\u00eb, kjo pasi naftar\u00ebt nga Shqip\u00ebria q\u00eb furnizojn\u00eb me naft\u00eb, do tu bie t\u00eb paguajn\u00eb taks\u00eb rrugore p\u00ebr \u00e7do maun\u00eb qe hyn\u00eb n\u00eb vend.<br \/>\n\u201cSa i p\u00ebrket tarifave rrugore ne shoqata e naftar\u00ebve jemi p\u00ebr pages\u00eb, takes, po \u00e7mimi t\u00eb jet\u00eb i arsysh\u00ebm. Dihet se naftar\u00ebt e shfryt\u00ebzojn\u00eb shum\u00eb rrug\u00ebn e kombit se furnizimi i derivateve b\u00ebhen nga Shqip\u00ebria &#038; Durr\u00ebsi,ka kompani q\u00eb n\u00eb dit\u00eb i bie q\u00eb t\u00eb paguaj taks\u00eb rrugore deri n\u00eb 300 \u20ac dhe kjo \u00ebsht\u00eb e papranushme dhe taks\u00eb shum\u00eb e lart\u00eb. Kjo \u00ebsht\u00eb ni kosto shtes\u00eb p\u00ebr importin e derivateve ku kjo kosto i shtohet transportit dhe \u00ebsht\u00eb krejt normale qe e rrit\u00eb \u00e7mimin e derivateve. Un\u00eb mendoj se kryeministri Rama t\u00eb na b\u00ebj\u00eb \u00e7mimore t\u00eb nj\u00ebjt\u00eb si t\u00eb qytetar\u00ebve t\u00eb Kuksit p\u00ebr shfryt\u00ebzimin e autostrad\u00ebs\u201d, ka th\u00ebn\u00eb Berjani.<br \/>\nN\u00eb an\u00ebn tjet\u00ebr, v\u00ebnia e taks\u00ebs ka alarmuar edhe bizneset n\u00eb vend. Kryetari i Aleanc\u00ebs Kosovare p\u00ebr Regjistrimin e Bizneseve, Agim Shahini, \u00ebsht\u00eb shprehur se taksa q\u00eb do zbatohet nga e h\u00ebna \u00ebsht\u00eb gjob\u00eb edhe p\u00ebr bizneset q\u00eb importojn\u00eb dhe eksportojn\u00eb.<br \/>\n\u201cTashm\u00eb kjo do t\u00eb kalkulohet n\u00eb \u00e7mimet dhe sh\u00ebrbimet. Kjo taks\u00eb duhet q\u00eb t\u00eb jet\u00eb, por ajo taks\u00eb duhet q\u00eb t\u00eb krahasohet me vendet e regjionit. Ngase krahasuar me regjionin p\u00ebr 60 km autostrad\u00eb \u00ebsht\u00eb nj\u00eb nga m\u00eb t\u00eb lartat n\u00eb regjion, ngase nj\u00eb transportues do t\u00eb paguaj\u00eb nga 3000 lek\u00eb t\u00eb reja, kurse makinat e kosovar\u00ebve n\u00eb dy drejtime do t\u00eb paguajn\u00eb nga 10 euro \u201c, ka th\u00ebn\u00eb Shahini.<br \/>\nNdryshe, \u00ebsht\u00eb paralajm\u00ebruar protest\u00eb nga qytetar\u00ebt e Kuksit dit\u00ebn e h\u00ebn\u00eb.<\/p>\n","protected":false},"excerpt":{"rendered":"<p>T\u00eb h\u00ebn\u00eb (17 shtator) do t\u00eb rinis\u00eb aplikimi i taks\u00ebs rrugore n\u00eb autostrad\u00ebn \u2018Rruga e Kombit\u2019. Me k\u00ebt\u00eb rast, qytetar\u00ebt e Kosov\u00ebs do t\u00eb paguajn\u00eb 5 euro p\u00ebr nj\u00eb drejtim n\u00eb kalim p\u00ebr n\u00eb Shqip\u00ebri. Kjo taks\u00eb do t\u00eb k\u00ebt\u00eb pasoja jo vet\u00ebm p\u00ebr xhepin e qytetar\u00ebve t\u00eb cil\u00ebt p\u00ebr \u00e7do kalim n\u00eb k\u00ebt\u00eb rrug\u00eb [&hellip;]<\/p>\n","protected":false},"author":1,"featured_media":24755,"comment_status":"closed","ping_status":"closed","sticky":false,"template":"","format":"standard","meta":{"footnotes":""},"categories":[5],"tags":[],"class_list":{"0":"post-24884","1":"post","2":"type-post","3":"status-publish","4":"format-standard","5":"has-post-thumbnail","7":"category-lajme"},"_links":{"self":[{"href":"https:\/\/radiostargjilan.com\/web\/wp-json\/wp\/v2\/posts\/24884","targetHints":{"allow":["GET"]}}],"collection":[{"href":"https:\/\/radiostargjilan.com\/web\/wp-json\/wp\/v2\/posts"}],"about":[{"href":"https:\/\/radiostargjilan.com\/web\/wp-json\/wp\/v2\/types\/post"}],"author":[{"embeddable":true,"href":"https:\/\/radiostargjilan.com\/web\/wp-json\/wp\/v2\/users\/1"}],"replies":[{"embeddable":true,"href":"https:\/\/radiostargjilan.com\/web\/wp-json\/wp\/v2\/comments?post=24884"}],"version-history":[{"count":0,"href":"https:\/\/radiostargjilan.com\/web\/wp-json\/wp\/v2\/posts\/24884\/revisions"}],"wp:featuredmedia":[{"embeddable":true,"href":"https:\/\/radiostargjilan.com\/web\/wp-json\/wp\/v2\/media\/24755"}],"wp:attachment":[{"href":"https:\/\/radiostargjilan.com\/web\/wp-json\/wp\/v2\/media?parent=24884"}],"wp:term":[{"taxonomy":"category","embeddable":true,"href":"https:\/\/radiostargjilan.com\/web\/wp-json\/wp\/v2\/categories?post=24884"},{"taxonomy":"post_tag","embeddable":true,"href":"https:\/\/radiostargjilan.com\/web\/wp-json\/wp\/v2\/tags?post=24884"}],"curies":[{"name":"wp","href":"https:\/\/api.w.org\/{rel}","templated":true}]}}