{"id":25128,"date":"2018-09-18T11:09:46","date_gmt":"2018-09-18T11:09:46","guid":{"rendered":"http:\/\/radiostargjilan.com\/web\/?p=25128"},"modified":"2018-09-18T11:09:46","modified_gmt":"2018-09-18T11:09:46","slug":"thaci-korigjimi-i-kufirit-siguron-njohjen-nga-serbia-dhe-bashkangjitjen-e-presheves-medvegjes-e-bujanocit","status":"publish","type":"post","link":"https:\/\/radiostargjilan.com\/web\/thaci-korigjimi-i-kufirit-siguron-njohjen-nga-serbia-dhe-bashkangjitjen-e-presheves-medvegjes-e-bujanocit\/","title":{"rendered":"Tha\u00e7i: Korigjimi i kufirit siguron njohjen nga Serbia dhe bashkangjitjen e Preshev\u00ebs, Medvegj\u00ebs e Bujanocit"},"content":{"rendered":"<p>Presidenti i vendit, Hashim Tha\u00e7i, p\u00ebrmes nj\u00eb konference p\u00ebr media ka b\u00ebr\u00eb thirrje edhe nj\u00ebher\u00eb sken\u00ebs politike e gjith\u00eb shoq\u00ebris\u00eb kosovare p\u00ebr bashk\u00ebpunim n\u00eb m\u00ebnyr\u00eb q\u00eb t\u00eb p\u00ebrmbyllet procesi i bisedimeve n\u00eb mes t\u00eb Kosov\u00ebs dhe Serbis\u00eb.<\/p>\n<p>Tha\u00e7i deklaroi se bisedimet do t\u00eb p\u00ebrmbyllen me nj\u00eb marr\u00ebveshje ligj\u00ebrisht t\u00eb obligueshme ku Serbia do t\u00eb njoh\u00eb Kosov\u00ebn si dhe Presheva, Medvegja e Bujanoci do t\u2019i bashkohen Kosov\u00ebs p\u00ebrmes asaj q\u00eb e quajti \u201ckorrigjim t\u00eb kufijve\u201d.<\/p>\n<p>Marr\u00ebveshja do t\u00eb arrihet n\u00eb qoft\u00eb se pal\u00ebt b\u00ebjn\u00eb kompromis. Ka t\u00eb till\u00eb q\u00eb thon\u00eb se Serbia duhet ta njoh\u00eb Kosov\u00ebn, pajtohem me k\u00ebt\u00eb. Mir\u00ebpo, dua t\u00eb potencoj\u00eb shum\u00eb drejtp\u00ebrdrejt\u00eb, n\u00eb m\u00ebnyr\u00ebn m\u00eb t\u00eb sinqert\u00eb t\u00eb mundshme se sot nj\u00eb gj\u00eb e till\u00eb Serbia nuk po e b\u00ebn. P\u00ebr fat t\u00eb keq me gjith\u00eb p\u00ebrpjekjet maksimale q\u00eb Serbia ta njoh\u00eb Kosov\u00ebn nuk po mund ta bindin as BE-ja as shtetet an\u00ebtare ve\u00e7 e ve\u00e7 e as SHBA-t\u00eb\u201d.<\/p>\n<p>\u201cDikush mendoi se Rusia do ta t\u00ebrheq veton p\u00ebr Kosov\u00ebn nga K\u00ebshilli i Sigurimit. As kjo nuk po ndodh\u00eb me gjith\u00eb p\u00ebrpjekjet maksimale t\u00eb gjith\u00eb partner\u00ebve tan\u00eb. Nuk shoh shpres\u00eb se kjo do t\u00eb ndodh\u00eb pa nj\u00eb marr\u00ebveshje. P\u00ebr t\u00eb arritur k\u00ebt\u00eb kam propozuar korrigjimin e kufirit. Kam argumentuar se marr\u00ebveshja do t\u00eb rezultoj\u00eb me njohje nga Serbia dhe bashk\u00ebngjitjen e Preshev\u00ebs, Medvegj\u00ebs dhe Bujanocit me Kosov\u00ebn\u201d.<br \/>\nPresidenti i vendit gjithashtu ka theksuar se nuk ka vend p\u00ebr shqet\u00ebsim n\u00eb lidhje me arritjen e marr\u00ebveshjes me Serbin\u00eb.<\/p>\n<p>\u201cDyshuesit n\u00eb marr\u00ebveshje ligj\u00ebrisht obliguese n\u00eb mes t\u00eb Kosov\u00ebs dhe Serbis\u00eb me leht\u00ebsi po p\u00ebrhapin shqet\u00ebsim apo frik\u00eb p\u00ebr gjeo-destabilizim t\u00eb rajonit. N\u00eb \u00e7do rast t\u00eb arritjes se marr\u00ebveshjes n\u00eb mes t\u00eb Kosov\u00ebs dhe Serbis\u00eb do t\u00eb ket\u00eb njohje reciproke dhe do t\u00eb ruhet multietniciteti\u201d.<\/p>\n<p>Ai shtoi se marr\u00ebveshja potenciale q\u00eb mund t\u00eb rezultoj\u00eb me korrigjimin paq\u00ebsor t\u00eb kufijve mund t\u00eb sh\u00ebrbej\u00eb si precedent pozitiv p\u00ebr zgjidhjen e problemeve n\u00eb m\u00ebnyr\u00eb paq\u00ebsore.<\/p>\n<p>Tha\u00e7i tha se me arritjen e marr\u00ebveshjes n\u00eb mes t\u00eb Kosov\u00ebs dhe Serbis\u00eb, hapen dyert p\u00ebr an\u00ebtar\u00ebsimin e Kosov\u00ebs n\u00eb OKB, NATO dhe BE, n\u00eb t\u00eb kund\u00ebrt\u00ebn as Serbia as Kosova nuk mund t\u00eb b\u00ebjn\u00eb hapa drejt pretendimeve t\u00eb tyre euroatlantike.<\/p>\n","protected":false},"excerpt":{"rendered":"<p>Presidenti i vendit, Hashim Tha\u00e7i, p\u00ebrmes nj\u00eb konference p\u00ebr media ka b\u00ebr\u00eb thirrje edhe nj\u00ebher\u00eb sken\u00ebs politike e gjith\u00eb shoq\u00ebris\u00eb kosovare p\u00ebr bashk\u00ebpunim n\u00eb m\u00ebnyr\u00eb q\u00eb t\u00eb p\u00ebrmbyllet procesi i bisedimeve n\u00eb mes t\u00eb Kosov\u00ebs dhe Serbis\u00eb. Tha\u00e7i deklaroi se bisedimet do t\u00eb p\u00ebrmbyllen me nj\u00eb marr\u00ebveshje ligj\u00ebrisht t\u00eb obligueshme ku Serbia do t\u00eb njoh\u00eb [&hellip;]<\/p>\n","protected":false},"author":1,"featured_media":25129,"comment_status":"closed","ping_status":"closed","sticky":false,"template":"","format":"standard","meta":{"footnotes":""},"categories":[5],"tags":[],"class_list":{"0":"post-25128","1":"post","2":"type-post","3":"status-publish","4":"format-standard","5":"has-post-thumbnail","7":"category-lajme"},"_links":{"self":[{"href":"https:\/\/radiostargjilan.com\/web\/wp-json\/wp\/v2\/posts\/25128","targetHints":{"allow":["GET"]}}],"collection":[{"href":"https:\/\/radiostargjilan.com\/web\/wp-json\/wp\/v2\/posts"}],"about":[{"href":"https:\/\/radiostargjilan.com\/web\/wp-json\/wp\/v2\/types\/post"}],"author":[{"embeddable":true,"href":"https:\/\/radiostargjilan.com\/web\/wp-json\/wp\/v2\/users\/1"}],"replies":[{"embeddable":true,"href":"https:\/\/radiostargjilan.com\/web\/wp-json\/wp\/v2\/comments?post=25128"}],"version-history":[{"count":0,"href":"https:\/\/radiostargjilan.com\/web\/wp-json\/wp\/v2\/posts\/25128\/revisions"}],"wp:featuredmedia":[{"embeddable":true,"href":"https:\/\/radiostargjilan.com\/web\/wp-json\/wp\/v2\/media\/25129"}],"wp:attachment":[{"href":"https:\/\/radiostargjilan.com\/web\/wp-json\/wp\/v2\/media?parent=25128"}],"wp:term":[{"taxonomy":"category","embeddable":true,"href":"https:\/\/radiostargjilan.com\/web\/wp-json\/wp\/v2\/categories?post=25128"},{"taxonomy":"post_tag","embeddable":true,"href":"https:\/\/radiostargjilan.com\/web\/wp-json\/wp\/v2\/tags?post=25128"}],"curies":[{"name":"wp","href":"https:\/\/api.w.org\/{rel}","templated":true}]}}