{"id":25467,"date":"2018-09-24T12:04:38","date_gmt":"2018-09-24T12:04:38","guid":{"rendered":"http:\/\/radiostargjilan.com\/web\/?p=25467"},"modified":"2018-09-24T12:04:38","modified_gmt":"2018-09-24T12:04:38","slug":"serbia-i-ka-shkaktuar-kosoves-mbi-22-miliarde-euro-deme-ne-lufte","status":"publish","type":"post","link":"https:\/\/radiostargjilan.com\/web\/serbia-i-ka-shkaktuar-kosoves-mbi-22-miliarde-euro-deme-ne-lufte\/","title":{"rendered":"Serbia i ka shkaktuar Kosov\u00ebs mbi 22 miliard\u00eb euro d\u00ebme n\u00eb luft\u00eb"},"content":{"rendered":"<p>Mbi 22 miliard\u00eb euro llogariten d\u00ebmet e luft\u00ebs q\u00eb Serbia ka shkaktuar n\u00eb Kosov\u00eb para dhe gjat\u00eb luft\u00ebs s\u00eb fundit (1990-1999), thon\u00eb zyrtar\u00eb t\u00eb qeveris\u00eb dhe analist\u00eb n\u00eb Prishtin\u00eb.<br \/>\nPor, kompensimi p\u00ebr d\u00ebmet e luft\u00ebs deri m\u00eb tani nuk \u00ebsht\u00eb diskutuar gjat\u00eb dialogut mes Kosov\u00ebs dhe Serbis\u00eb q\u00eb \u00ebsht\u00eb zhvilluar n\u00eb Bruksel, me leht\u00ebsimin e Bashkimit Evropian<\/p>\n<p>Aktualisht, Kosova dhe Serbia jan\u00eb futur n\u00eb faz\u00ebn finale t\u00eb dialogut, n\u00eb t\u00eb cil\u00ebn \u00ebsht\u00eb paralajm\u00ebruar edhe arritja e nj\u00eb marr\u00ebveshjeje finale q\u00eb do t\u00eb n\u00ebnkuptonte normalizimin e raporteve nd\u00ebrmjet dy vendeve, nd\u00ebrkaq sipas analist\u00ebve, n\u00eb agjend\u00ebn e bisedimeve duhet patjet\u00ebr t\u00eb diskutohet edhe p\u00ebr d\u00ebmet e luft\u00ebs.<br \/>\nEdhe pse kjo \u00e7\u00ebshtje nuk \u00ebsht\u00eb trajtuar n\u00eb bisedimet n\u00eb Bruksel, kjo tem\u00eb ishte ngritur nj\u00eb her\u00eb n\u00eb procesin e negociatave t\u00eb Vjen\u00ebs, q\u00eb jan\u00eb mbajtur para shpalljes s\u00eb pavar\u00ebsis\u00eb s\u00eb Kosov\u00ebs. Por, kjo tem\u00eb qe mbyllur menj\u00ebher\u00eb, pasi pala serbe nj\u00eb k\u00ebrkes\u00eb t\u00eb till\u00eb nuk e ka pranuar.<br \/>\nMuhamet Mustafa, nga Instituti \u201cRiinvest\u201d, ka qen\u00eb koordinator i ekipit p\u00ebr \u00e7\u00ebshtje ekonomike n\u00eb Grupin Negociator n\u00eb Vjen\u00eb.<br \/>\nMustafa, tashme k\u00ebshilltar i lart\u00eb n\u00eb k\u00ebt\u00eb institut, thot\u00eb se \u00ebsht\u00eb k\u00ebrkuar q\u00eb kjo \u00e7\u00ebshtje t\u00eb trajtohet edhe n\u00eb bisedimet q\u00eb jan\u00eb zhvilluar n\u00eb mes Kosov\u00ebs dhe Serbis\u00eb n\u00eb Bruksel, n\u00eb procesin e dialogut q\u00eb ka filluar nga viti 2011.<br \/>\nAi thot\u00eb se p\u00ebr normalizim t\u00eb marr\u00ebdh\u00ebnieve mes dy vendeve, nevojitet q\u00eb Serbia t\u00eb kompensoj\u00eb d\u00ebmet e luft\u00ebs.<br \/>\n\u201cEkipi i ekspert\u00ebve q\u00eb kam udh\u00ebhequr un\u00eb n\u00eb at\u00eb koh\u00eb, ka b\u00ebr\u00eb nj\u00eb vler\u00ebsim t\u00eb d\u00ebmeve t\u00eb luft\u00ebs p\u00ebr sektor\u00eb t\u00eb ndrysh\u00ebm, e q\u00eb vlera ka arritur n\u00eb mbi 22 miliard\u00eb euro. E tash natyrisht p\u00ebr t\u2019u krijuar nj\u00eb pajtim, dhe p\u00ebr t\u00eb par\u00eb q\u00eb Serbia me t\u00eb v\u00ebrtet d\u00ebshiron q\u00eb t\u00eb l\u00eb prapa vet\u00ebs politik\u00ebn e (Sllobodan) Millosheviqit, ajo duhet t\u00eb jet\u00eb e gatshme q\u00eb t\u00eb spastroj\u00eb llogarit\u00eb dhe d\u00ebmet ekonomike n\u00eb pron\u00ebn private dhe d\u00ebmet tjera q\u00eb i ka shkaktuar Kosov\u00ebs me qeverisjen e saj dhe luft\u00ebn shfaros\u00ebse q\u00eb ka zhvilluar ndaj shqiptar\u00ebve\u201d.<\/p>\n<p>Un\u00eb personalisht mendoj se p\u00ebr nj\u00eb pastrim t\u00eb llogarive, p\u00ebr nj\u00eb pajtim, krahas k\u00ebrkimit t\u00eb faljes p\u00ebr d\u00ebmet, ato d\u00ebme duhet t\u00eb zhd\u00ebmtohen\u201d, thot\u00eb Mustafa.<br \/>\nHaki Shatri, k\u00ebshilltar p\u00ebr ekonomi n\u00eb Qeverin\u00eb e Kosov\u00ebs, i cili n\u00eb at\u00eb koh\u00eb ka qen\u00eb pjes\u00eb e ekipit n\u00eb Vjen\u00ebs, thot\u00eb se faktori nd\u00ebrkomb\u00ebtar vazhdimisht ka hezituar q\u00eb kjo \u00e7\u00ebshtje t\u00eb trajtohet.<br \/>\nPor, Shatri thot\u00eb se kompensimi i d\u00ebmeve t\u00eb luft\u00ebs gjithsesi duhet t\u00eb trajtohet n\u00eb kuad\u00ebr t\u00eb bisedimeve q\u00eb po zhvillohen n\u00eb Bruksel.<br \/>\n\u201cMendoj se delegacioni i Kosov\u00ebs n\u00eb agjend\u00ebn e bisedimeve n\u00eb k\u00ebt\u00eb faz\u00eb t\u00eb rendit\u00eb edhe k\u00ebt\u00eb \u00e7\u00ebshtje si pik\u00eb e ve\u00e7ant\u00eb t\u00eb bisedimeve me pal\u00ebn serbe,\u201d tha Shatri.<br \/>\nMuhamet Mustafa shprehet se Republika e Kosov\u00ebs nuk duhet t\u00eb heq\u00eb dor\u00eb nga shpagimi i d\u00ebmeve t\u00eb luft\u00ebs. Ai konsideron se edhe pas p\u00ebrmbylljes se negociatave, Kosova duhet t\u00eb padis\u00eb Serbin\u00eb p\u00ebr d\u00ebmet e luft\u00ebs.<br \/>\n\u201cNatyrisht, q\u00eb Kosova duhet t\u00eb sheh edhe mund\u00ebsit\u00eb tjera. Ndon\u00ebse, Kosova ende nuk \u00ebsht\u00eb an\u00ebtare e Gjykatave Nd\u00ebrkomb\u00ebtare, p\u00ebr shkak t\u00eb pozit\u00ebs se saj n\u00eb Organizat\u00ebn e Kombeve t\u00eb Bashkuara, por nuk \u00ebsht\u00eb se nuk ka ndonj\u00eb hap\u00ebsir\u00eb. Mendoj se Kosova duhet t\u00eb trajtoj\u00eb, duhet t\u00eb angazhoj\u00eb ekipe t\u00eb ekspert\u00ebsh p\u00ebr t\u00eb par\u00eb se si n\u00eb m\u00ebnyr\u00ebn m\u00eb t\u00eb mir\u00eb dhe n\u00eb vendin m\u00eb adekuat mund t\u00eb b\u00ebhet dhe t\u00eb ekzekutohet kjo padi,\u201d tha Mustafa p\u00ebr Radion Evropa e Lir\u00eb.<br \/>\nZyrtar\u00eb t\u00eb Qeveris\u00eb se Kosov\u00eb, nd\u00ebrkaq m\u00eb her\u00ebt pat\u00ebn deklaruar se padia do t\u00eb ngrihej kur Kosova do t\u00eb mund ta b\u00ebnte k\u00ebt\u00eb si vend an\u00ebtar i Organizat\u00ebs s\u00eb Kombeve t\u00eb Bashkuara.<\/p>\n","protected":false},"excerpt":{"rendered":"<p>Mbi 22 miliard\u00eb euro llogariten d\u00ebmet e luft\u00ebs q\u00eb Serbia ka shkaktuar n\u00eb Kosov\u00eb para dhe gjat\u00eb luft\u00ebs s\u00eb fundit (1990-1999), thon\u00eb zyrtar\u00eb t\u00eb qeveris\u00eb dhe analist\u00eb n\u00eb Prishtin\u00eb. Por, kompensimi p\u00ebr d\u00ebmet e luft\u00ebs deri m\u00eb tani nuk \u00ebsht\u00eb diskutuar gjat\u00eb dialogut mes Kosov\u00ebs dhe Serbis\u00eb q\u00eb \u00ebsht\u00eb zhvilluar n\u00eb Bruksel, me leht\u00ebsimin e [&hellip;]<\/p>\n","protected":false},"author":1,"featured_media":25468,"comment_status":"closed","ping_status":"closed","sticky":false,"template":"","format":"standard","meta":{"footnotes":""},"categories":[5],"tags":[],"class_list":{"0":"post-25467","1":"post","2":"type-post","3":"status-publish","4":"format-standard","5":"has-post-thumbnail","7":"category-lajme"},"_links":{"self":[{"href":"https:\/\/radiostargjilan.com\/web\/wp-json\/wp\/v2\/posts\/25467","targetHints":{"allow":["GET"]}}],"collection":[{"href":"https:\/\/radiostargjilan.com\/web\/wp-json\/wp\/v2\/posts"}],"about":[{"href":"https:\/\/radiostargjilan.com\/web\/wp-json\/wp\/v2\/types\/post"}],"author":[{"embeddable":true,"href":"https:\/\/radiostargjilan.com\/web\/wp-json\/wp\/v2\/users\/1"}],"replies":[{"embeddable":true,"href":"https:\/\/radiostargjilan.com\/web\/wp-json\/wp\/v2\/comments?post=25467"}],"version-history":[{"count":0,"href":"https:\/\/radiostargjilan.com\/web\/wp-json\/wp\/v2\/posts\/25467\/revisions"}],"wp:featuredmedia":[{"embeddable":true,"href":"https:\/\/radiostargjilan.com\/web\/wp-json\/wp\/v2\/media\/25468"}],"wp:attachment":[{"href":"https:\/\/radiostargjilan.com\/web\/wp-json\/wp\/v2\/media?parent=25467"}],"wp:term":[{"taxonomy":"category","embeddable":true,"href":"https:\/\/radiostargjilan.com\/web\/wp-json\/wp\/v2\/categories?post=25467"},{"taxonomy":"post_tag","embeddable":true,"href":"https:\/\/radiostargjilan.com\/web\/wp-json\/wp\/v2\/tags?post=25467"}],"curies":[{"name":"wp","href":"https:\/\/api.w.org\/{rel}","templated":true}]}}