{"id":25476,"date":"2018-09-24T12:57:40","date_gmt":"2018-09-24T12:57:40","guid":{"rendered":"http:\/\/radiostargjilan.com\/web\/?p=25476"},"modified":"2018-09-24T12:57:40","modified_gmt":"2018-09-24T12:57:40","slug":"kadriu-asnjehere-me-pare-nuk-jeni-marre-seriozisht-me-ceshtjen-e-lugines","status":"publish","type":"post","link":"https:\/\/radiostargjilan.com\/web\/kadriu-asnjehere-me-pare-nuk-jeni-marre-seriozisht-me-ceshtjen-e-lugines\/","title":{"rendered":"Kadriu: Asnj\u00ebher\u00eb m\u00eb par\u00eb nuk jeni marr\u00eb seriozisht me \u00e7\u00ebshtjen e Lugin\u00ebs"},"content":{"rendered":"<p>Pak\u00ebz von\u00eb z. Akademik Daci!<\/p>\n<p>z. Daci paska dekluar se ideja e shk\u00ebmbimit t\u00eb territoreve me Serbin\u00eb paska lindur koh\u00ebve t\u00eb fundit dhe at\u00eb, n\u00eb vilen e tij, gjegj\u00ebsisht k\u00ebt\u00eb ide ai ia paska dh\u00ebn\u00eb z. Thaqit.<br \/>\nSa e pabeshueshme dhe qesharake m\u00eb duket kjo pun\u00eb, duke pasur parasysh se asnj\u00ebher\u00eb m\u00eb par\u00eb nuk jeni marr\u00eb seriozisht me \u00e7\u00ebshtjen e Lugin\u00ebs dhe as q\u00eb e keni p\u00ebrmendur m\u00eb par\u00eb, veq\u00ebnarsisht kur kishit pushtet politik.<br \/>\nMadje, kam frik\u00eb se ju i takoni atyre njer\u00ebzve q\u00eb turp\u00ebrohen t\u00eb tregojn\u00eb p\u00ebr prejardhjen e tyre nga Lugina e Preshev\u00ebs, e l\u00ebre m\u00eb ta p\u00ebrmendin e t\u00eb angazhohen p\u00ebr t\u00eb.<br \/>\nM\u00eb shum\u00eb jam i prirur t\u00eb mendoj se edhe n\u00ebse keni diskutuar ose jeni takuar me dik\u00eb p\u00ebr k\u00ebt\u00eb \u00e7\u00ebshtje, e keni b\u00ebr\u00eb p\u00ebr ndonj\u00eb interes shum\u00eb minor se sa nj\u00ebmend p\u00ebr Preshev\u00ebn, Bujanocin e Medvegj\u00ebn.<\/p>\n<p>Ideja p\u00ebr shk\u00ebmbimin e territoreve me Serbin\u00eb \u00ebsht\u00eb dh\u00ebn\u00eb nga akademik Rexhep Qosja n\u00eb vitin 1999 dhe \u00ebsht\u00eb aktualizuar  n\u00eb vitin 2013, pas rezolut\u00ebs p\u00ebr Kosov\u00ebn Lindore t\u00eb cil\u00ebn nuk e p\u00ebrkrah\u00ebt as ju, nj\u00ebjt\u00eb siq b\u00ebri edhe LDK.<br \/>\nM\u00eb duket se edhe ju e keni ngr\u00ebn\u00eb karremin e presidenti Thaqi p\u00ebr ta b\u00ebr\u00eb iden\u00eb sa m\u00eb bind\u00ebse, ngase askush nuk e beson at\u00eb.<br \/>\nAkademia juaj, z. Daci, duhet t\u00eb dal\u00eb me ide shum\u00eb m\u00eb t\u00eb qarta n\u00eb lidhje me k\u00ebt\u00eb \u00e7\u00ebshtje *( e p\u00ebr shum\u00eb t\u00eb tjera) e jo ti fus vesh\u00ebt n\u00eb lesh.<\/p>\n","protected":false},"excerpt":{"rendered":"<p>Pak\u00ebz von\u00eb z. Akademik Daci! z. Daci paska dekluar se ideja e shk\u00ebmbimit t\u00eb territoreve me Serbin\u00eb paska lindur koh\u00ebve t\u00eb fundit dhe at\u00eb, n\u00eb vilen e tij, gjegj\u00ebsisht k\u00ebt\u00eb ide ai ia paska dh\u00ebn\u00eb z. Thaqit. Sa e pabeshueshme dhe qesharake m\u00eb duket kjo pun\u00eb, duke pasur parasysh se asnj\u00ebher\u00eb m\u00eb par\u00eb nuk jeni [&hellip;]<\/p>\n","protected":false},"author":1,"featured_media":25477,"comment_status":"closed","ping_status":"closed","sticky":false,"template":"","format":"standard","meta":{"footnotes":""},"categories":[5],"tags":[],"class_list":{"0":"post-25476","1":"post","2":"type-post","3":"status-publish","4":"format-standard","5":"has-post-thumbnail","7":"category-lajme"},"_links":{"self":[{"href":"https:\/\/radiostargjilan.com\/web\/wp-json\/wp\/v2\/posts\/25476","targetHints":{"allow":["GET"]}}],"collection":[{"href":"https:\/\/radiostargjilan.com\/web\/wp-json\/wp\/v2\/posts"}],"about":[{"href":"https:\/\/radiostargjilan.com\/web\/wp-json\/wp\/v2\/types\/post"}],"author":[{"embeddable":true,"href":"https:\/\/radiostargjilan.com\/web\/wp-json\/wp\/v2\/users\/1"}],"replies":[{"embeddable":true,"href":"https:\/\/radiostargjilan.com\/web\/wp-json\/wp\/v2\/comments?post=25476"}],"version-history":[{"count":0,"href":"https:\/\/radiostargjilan.com\/web\/wp-json\/wp\/v2\/posts\/25476\/revisions"}],"wp:featuredmedia":[{"embeddable":true,"href":"https:\/\/radiostargjilan.com\/web\/wp-json\/wp\/v2\/media\/25477"}],"wp:attachment":[{"href":"https:\/\/radiostargjilan.com\/web\/wp-json\/wp\/v2\/media?parent=25476"}],"wp:term":[{"taxonomy":"category","embeddable":true,"href":"https:\/\/radiostargjilan.com\/web\/wp-json\/wp\/v2\/categories?post=25476"},{"taxonomy":"post_tag","embeddable":true,"href":"https:\/\/radiostargjilan.com\/web\/wp-json\/wp\/v2\/tags?post=25476"}],"curies":[{"name":"wp","href":"https:\/\/api.w.org\/{rel}","templated":true}]}}