{"id":25798,"date":"2018-09-29T09:07:35","date_gmt":"2018-09-29T09:07:35","guid":{"rendered":"http:\/\/radiostargjilan.com\/web\/?p=25798"},"modified":"2018-09-29T09:07:35","modified_gmt":"2018-09-29T09:07:35","slug":"policia-e-gatshme-per-aktivitetin-e-perbashket-me-kfor-in-fsk-ne-dhe-zjarrfikesit","status":"publish","type":"post","link":"https:\/\/radiostargjilan.com\/web\/policia-e-gatshme-per-aktivitetin-e-perbashket-me-kfor-in-fsk-ne-dhe-zjarrfikesit\/","title":{"rendered":"Policia e gatshme p\u00ebr aktivitetin e p\u00ebrbashk\u00ebt me KFOR-in FSK-n\u00eb dhe Zjarrfik\u00ebsit"},"content":{"rendered":"<p>Me 29 shtator, n\u00eb qytetin e Gjilanit, lagja Dardania, m\u00eb sakt\u00eb te \u201c\u00c7erdhja e re\u201d q\u00eb ndodhet n\u00eb rrug\u00ebn \u201cMuharrem Ibrahimi\u201d, KFOR-i, Policia e Kosov\u00ebs, FSK-ja dhe Zjarrfik\u00ebsit, do t\u00eb\u00a0mbajn\u00eb nj\u00eb ekspozit\u00eb\/prezantim, p\u00ebr nx\u00ebn\u00ebs dhe qytetar\u00eb t\u00eb tjer\u00eb t\u00eb interesuar.<\/p>\n<p>Ismet Hashani, z\u00ebdh\u00ebn\u00ebs i Policis\u00eb s\u00eb Kosov\u00ebs (PK), n\u00eb Drejtorin\u00eb Rajonale n\u00eb Gjilan ka b\u00ebr\u00eb me dije se stacioni policor i Gjilanit ka planifikuar q\u00eb dit\u00ebn e mbajtjes s\u00eb k\u00ebsaj ngjarje, t\u00eb ket\u00eb disa nj\u00ebsi p\u00ebr t\u00eb ruajt rendin, kontrolloj\u00eb rrug\u00ebn dhe t\u00eb prezantohet me nj\u00eb patrull\u00eb me vetur\u00eb n\u00eb ekspozit\u00eb.<\/p>\n<p>Po ashtu do t\u00eb ket\u00eb edhe ekspozime t\u00eb veturave dhe mjeteve tjera t\u00eb nj\u00ebsive t\u00eb ndryshme t\u00eb Policis\u00eb s\u00eb Kosov\u00ebs nga Rajoni i Gjilanit.<br \/>\nKFOR-i nga Bondsteel, do t\u00eb jet\u00eb organizatore I k\u00ebsaj ngjarje n\u00eb p\u00ebrkrahje t\u00eb komun\u00ebs s\u00eb Gjilanit, Policis\u00eb s\u00eb Kosov\u00ebs, FSK-s\u00eb dhe Brigad\u00ebs se Zjarrfik\u00ebsve.<br \/>\n\u201cN\u00eb pjes\u00ebn e zbraz\u00ebt t\u00eb fush\u00ebs ku mbahet ekspozita, do t\u00eb ateroj\u00eb nj\u00eb Helikopter I KFOR-it amerikan dhe po ashtu do t\u00eb ekspozohen disa automjete t\u00eb tyre s\u00eb bashku me pajisje t\u00eb FSK-s\u00eb, Policis\u00eb dhe Zjarrfik\u00ebsve. Para or\u00ebs 07:00 duhet te bllokohet nj\u00eb pjese e rrug\u00ebs ku do te vendosen automjetet deri sa Helikopteri te ateroje dhe pastaj renditen automjetet e KFOR-it, FSK-se PK-se dhe Zjarrfik\u00ebsve\u201d, ka th\u00ebn\u00eb Hashani.<br \/>\nSipas tij, ngjarja do te zgjas\u00eb deri rreth or\u00ebs 11:00 dhe pastaj t\u00ebrhiqen te gjitha automjetet dhe I fundit Helikopteri.<br \/>\nStacioni Policor i Gjilan \u00ebsht\u00eb p\u00ebrgjegj\u00ebs p\u00ebr koordinim me nj\u00ebsitet tjera ne dit\u00ebn e cekur.<br \/>\n\u201cPo ashtu nj\u00ebsiti I komunitetit policia n\u00eb bashk\u00ebsi nga stacioni Policor i Gjilanit, kan\u00eb koordinuar aktivitetet me Drejtorin\u00eb e Arsimit te komun\u00ebs s\u00eb Gjilanit me qellim te koordinimit te pjes\u00ebmarrjes s\u00eb nx\u00ebn\u00ebsve, pritet q\u00eb t\u00eb nj\u00eb pjes\u00ebmarrje shum\u00eb etnike e f\u00ebmij\u00ebve nga shkolla t\u00eb ndryshme t\u00eb rajonit t\u00eb Gjilanit\u201d, ka th\u00ebn\u00eb Hashani.\/GJILANI.INFO\/<\/p>\n","protected":false},"excerpt":{"rendered":"<p>Me 29 shtator, n\u00eb qytetin e Gjilanit, lagja Dardania, m\u00eb sakt\u00eb te \u201c\u00c7erdhja e re\u201d q\u00eb ndodhet n\u00eb rrug\u00ebn \u201cMuharrem Ibrahimi\u201d, KFOR-i, Policia e Kosov\u00ebs, FSK-ja dhe Zjarrfik\u00ebsit, do t\u00eb\u00a0mbajn\u00eb nj\u00eb ekspozit\u00eb\/prezantim, p\u00ebr nx\u00ebn\u00ebs dhe qytetar\u00eb t\u00eb tjer\u00eb t\u00eb interesuar. Ismet Hashani, z\u00ebdh\u00ebn\u00ebs i Policis\u00eb s\u00eb Kosov\u00ebs (PK), n\u00eb Drejtorin\u00eb Rajonale n\u00eb Gjilan ka b\u00ebr\u00eb [&hellip;]<\/p>\n","protected":false},"author":1,"featured_media":25742,"comment_status":"closed","ping_status":"closed","sticky":false,"template":"","format":"standard","meta":{"footnotes":""},"categories":[5],"tags":[],"class_list":{"0":"post-25798","1":"post","2":"type-post","3":"status-publish","4":"format-standard","5":"has-post-thumbnail","7":"category-lajme"},"_links":{"self":[{"href":"https:\/\/radiostargjilan.com\/web\/wp-json\/wp\/v2\/posts\/25798","targetHints":{"allow":["GET"]}}],"collection":[{"href":"https:\/\/radiostargjilan.com\/web\/wp-json\/wp\/v2\/posts"}],"about":[{"href":"https:\/\/radiostargjilan.com\/web\/wp-json\/wp\/v2\/types\/post"}],"author":[{"embeddable":true,"href":"https:\/\/radiostargjilan.com\/web\/wp-json\/wp\/v2\/users\/1"}],"replies":[{"embeddable":true,"href":"https:\/\/radiostargjilan.com\/web\/wp-json\/wp\/v2\/comments?post=25798"}],"version-history":[{"count":0,"href":"https:\/\/radiostargjilan.com\/web\/wp-json\/wp\/v2\/posts\/25798\/revisions"}],"wp:featuredmedia":[{"embeddable":true,"href":"https:\/\/radiostargjilan.com\/web\/wp-json\/wp\/v2\/media\/25742"}],"wp:attachment":[{"href":"https:\/\/radiostargjilan.com\/web\/wp-json\/wp\/v2\/media?parent=25798"}],"wp:term":[{"taxonomy":"category","embeddable":true,"href":"https:\/\/radiostargjilan.com\/web\/wp-json\/wp\/v2\/categories?post=25798"},{"taxonomy":"post_tag","embeddable":true,"href":"https:\/\/radiostargjilan.com\/web\/wp-json\/wp\/v2\/tags?post=25798"}],"curies":[{"name":"wp","href":"https:\/\/api.w.org\/{rel}","templated":true}]}}