{"id":26143,"date":"2018-10-06T08:18:15","date_gmt":"2018-10-06T08:18:15","guid":{"rendered":"http:\/\/radiostargjilan.com\/web\/?p=26143"},"modified":"2018-10-06T08:18:15","modified_gmt":"2018-10-06T08:18:15","slug":"me-12-dhjetor-vendoset-per-liberalizimin-perfundimtar-te-vizave","status":"publish","type":"post","link":"https:\/\/radiostargjilan.com\/web\/me-12-dhjetor-vendoset-per-liberalizimin-perfundimtar-te-vizave\/","title":{"rendered":"M\u00eb 12 dhjetor vendoset p\u00ebr liberalizimin p\u00ebrfundimtar t\u00eb vizave"},"content":{"rendered":"<p>Nj\u00eb burim i zyrtar i ka th\u00ebn\u00eb media vendore se kjo \u00e7\u00ebshtje \u00ebsht\u00eb n\u00eb pik\u00ebpyetje q\u00eb m\u00eb 12 dhjetor vendosja n\u00eb rend dite n\u00eb mbledhjen e K\u00ebshillit t\u00eb ministrave t\u00eb vizave p\u00ebr qytetar\u00ebt e Kosov\u00ebs.<\/p>\n<p>Po sipas k\u00ebtij burimi, edhe Franca ka m\u00ebdyshje megjithat\u00eb ministri i brendsh\u00ebm, \u00c9douard Philippe pritet t\u00eb votoj\u00eb n\u00eb favor.<\/p>\n<p>Parlamenti Evropian votoi n\u00eb shtator me shumic\u00eb votash rekomandimin e Komiteti p\u00ebr lirit\u00eb qytetare, drejt\u00ebsi dhe \u00e7\u00ebshtje t\u00eb brendshme, p\u00ebr liberalizimin e vizave p\u00ebr Kosov\u00ebn.<\/p>\n<p>Nga vendet q\u00eb e njohin Kosov\u00ebn, Franca dhe Holanda gjat\u00eb k\u00ebtij votimi kan\u00eb dh\u00ebn\u00eb m\u00eb shum\u00eb vota kund\u00ebr se sa p\u00ebr.<\/p>\n","protected":false},"excerpt":{"rendered":"<p>Nj\u00eb burim i zyrtar i ka th\u00ebn\u00eb media vendore se kjo \u00e7\u00ebshtje \u00ebsht\u00eb n\u00eb pik\u00ebpyetje q\u00eb m\u00eb 12 dhjetor vendosja n\u00eb rend dite n\u00eb mbledhjen e K\u00ebshillit t\u00eb ministrave t\u00eb vizave p\u00ebr qytetar\u00ebt e Kosov\u00ebs. Po sipas k\u00ebtij burimi, edhe Franca ka m\u00ebdyshje megjithat\u00eb ministri i brendsh\u00ebm, \u00c9douard Philippe pritet t\u00eb votoj\u00eb n\u00eb favor. Parlamenti [&hellip;]<\/p>\n","protected":false},"author":1,"featured_media":25373,"comment_status":"closed","ping_status":"closed","sticky":false,"template":"","format":"standard","meta":{"footnotes":""},"categories":[5],"tags":[],"class_list":{"0":"post-26143","1":"post","2":"type-post","3":"status-publish","4":"format-standard","5":"has-post-thumbnail","7":"category-lajme"},"_links":{"self":[{"href":"https:\/\/radiostargjilan.com\/web\/wp-json\/wp\/v2\/posts\/26143","targetHints":{"allow":["GET"]}}],"collection":[{"href":"https:\/\/radiostargjilan.com\/web\/wp-json\/wp\/v2\/posts"}],"about":[{"href":"https:\/\/radiostargjilan.com\/web\/wp-json\/wp\/v2\/types\/post"}],"author":[{"embeddable":true,"href":"https:\/\/radiostargjilan.com\/web\/wp-json\/wp\/v2\/users\/1"}],"replies":[{"embeddable":true,"href":"https:\/\/radiostargjilan.com\/web\/wp-json\/wp\/v2\/comments?post=26143"}],"version-history":[{"count":0,"href":"https:\/\/radiostargjilan.com\/web\/wp-json\/wp\/v2\/posts\/26143\/revisions"}],"wp:featuredmedia":[{"embeddable":true,"href":"https:\/\/radiostargjilan.com\/web\/wp-json\/wp\/v2\/media\/25373"}],"wp:attachment":[{"href":"https:\/\/radiostargjilan.com\/web\/wp-json\/wp\/v2\/media?parent=26143"}],"wp:term":[{"taxonomy":"category","embeddable":true,"href":"https:\/\/radiostargjilan.com\/web\/wp-json\/wp\/v2\/categories?post=26143"},{"taxonomy":"post_tag","embeddable":true,"href":"https:\/\/radiostargjilan.com\/web\/wp-json\/wp\/v2\/tags?post=26143"}],"curies":[{"name":"wp","href":"https:\/\/api.w.org\/{rel}","templated":true}]}}