{"id":26145,"date":"2018-10-06T08:25:20","date_gmt":"2018-10-06T08:25:20","guid":{"rendered":"http:\/\/radiostargjilan.com\/web\/?p=26145"},"modified":"2018-10-06T08:25:20","modified_gmt":"2018-10-06T08:25:20","slug":"nxenesit-nga-presheva-bujanoci-dhe-medvegja-sot-ne-kosove","status":"publish","type":"post","link":"https:\/\/radiostargjilan.com\/web\/nxenesit-nga-presheva-bujanoci-dhe-medvegja-sot-ne-kosove\/","title":{"rendered":"Nx\u00ebn\u00ebsit nga Presheva, Bujanoci dhe Medvegja sot n\u00eb Kosov\u00eb"},"content":{"rendered":"<p>Zyra e Koordinatorit Nacional p\u00ebr Kultur\u00eb, Rini dhe Sport n\u00eb Qeverin\u00eb e Kosov\u00ebs, sot ka organizuar eskursion p\u00ebr nx\u00ebn\u00ebsit e shkollave t\u00eb mesme t\u00eb Preshev\u00ebs, Medvegj\u00ebs dhe Bujanocit.<\/p>\n<p>K\u00ebta nx\u00ebn\u00ebs, n\u00eb or\u00ebn 12:00, do t\u00eb priten n\u00eb objektin e Qeveris\u00eb s\u00eb Republik\u00ebs s Kosov\u00ebs, n\u00eb sall\u00ebn P38, ku kryeministri Ramush Haradinaj do t\u00eb mbaj\u00eb nj\u00eb fjal\u00eb rasti.<\/p>\n<p><strong>Agjenda:<\/p>\n<p>07:00 : Nisja nga Presheva, Medvegja dhe Bujanoci<\/p>\n<p>10:00 \u2013 10:30    Vizit\u00eb n\u00eb Prekaz<\/p>\n<p>12:00 \u2013 12:20 Fjal\u00eb rasti nga Kryeministri i Republik\u00ebs s\u00eb Kosov\u00ebs, z. Ramush Haradinaj<\/p>\n<p>Fjal\u00eb rasti nga Koordinatori Nacional p\u00ebr Kultur\u00eb, Rini dhe Sport n\u00eb Qeverin\u00eb e Republik\u00ebs s\u00eb Kosov\u00ebs,  Rexhep Hoti:<\/p>\n<p>12:20 \u2013 13:30   Dreka n\u00eb Prishtin\u00eb (Objekti i Kryeministris\u00eb)<\/p>\n<p>14:00- 14:30   Vizit\u00eb n\u00eb Parkun Arkeologjik t\u00eb Ulpian\u00ebs<\/p>\n<p>16:00 \u2013 18:00  Vizit\u00eb n\u00eb Prizren<\/p>\n<p>18:00  \u2013  Kthimi p\u00ebr Preshev\u00eb, Medvegj\u00eb dhe Bujanoc.<\/strong><\/p>\n","protected":false},"excerpt":{"rendered":"<p>Zyra e Koordinatorit Nacional p\u00ebr Kultur\u00eb, Rini dhe Sport n\u00eb Qeverin\u00eb e Kosov\u00ebs, sot ka organizuar eskursion p\u00ebr nx\u00ebn\u00ebsit e shkollave t\u00eb mesme t\u00eb Preshev\u00ebs, Medvegj\u00ebs dhe Bujanocit. K\u00ebta nx\u00ebn\u00ebs, n\u00eb or\u00ebn 12:00, do t\u00eb priten n\u00eb objektin e Qeveris\u00eb s\u00eb Republik\u00ebs s Kosov\u00ebs, n\u00eb sall\u00ebn P38, ku kryeministri Ramush Haradinaj do t\u00eb mbaj\u00eb nj\u00eb [&hellip;]<\/p>\n","protected":false},"author":1,"featured_media":25370,"comment_status":"closed","ping_status":"closed","sticky":false,"template":"","format":"standard","meta":{"footnotes":""},"categories":[5],"tags":[],"class_list":{"0":"post-26145","1":"post","2":"type-post","3":"status-publish","4":"format-standard","5":"has-post-thumbnail","7":"category-lajme"},"_links":{"self":[{"href":"https:\/\/radiostargjilan.com\/web\/wp-json\/wp\/v2\/posts\/26145","targetHints":{"allow":["GET"]}}],"collection":[{"href":"https:\/\/radiostargjilan.com\/web\/wp-json\/wp\/v2\/posts"}],"about":[{"href":"https:\/\/radiostargjilan.com\/web\/wp-json\/wp\/v2\/types\/post"}],"author":[{"embeddable":true,"href":"https:\/\/radiostargjilan.com\/web\/wp-json\/wp\/v2\/users\/1"}],"replies":[{"embeddable":true,"href":"https:\/\/radiostargjilan.com\/web\/wp-json\/wp\/v2\/comments?post=26145"}],"version-history":[{"count":0,"href":"https:\/\/radiostargjilan.com\/web\/wp-json\/wp\/v2\/posts\/26145\/revisions"}],"wp:featuredmedia":[{"embeddable":true,"href":"https:\/\/radiostargjilan.com\/web\/wp-json\/wp\/v2\/media\/25370"}],"wp:attachment":[{"href":"https:\/\/radiostargjilan.com\/web\/wp-json\/wp\/v2\/media?parent=26145"}],"wp:term":[{"taxonomy":"category","embeddable":true,"href":"https:\/\/radiostargjilan.com\/web\/wp-json\/wp\/v2\/categories?post=26145"},{"taxonomy":"post_tag","embeddable":true,"href":"https:\/\/radiostargjilan.com\/web\/wp-json\/wp\/v2\/tags?post=26145"}],"curies":[{"name":"wp","href":"https:\/\/api.w.org\/{rel}","templated":true}]}}