{"id":26661,"date":"2018-10-18T14:30:18","date_gmt":"2018-10-18T14:30:18","guid":{"rendered":"http:\/\/radiostargjilan.com\/web\/?p=26661"},"modified":"2018-10-18T14:30:18","modified_gmt":"2018-10-18T14:30:18","slug":"kryeprokurori-maloku-takon-perfaqesuesen-e-larte-te-ambasades-gjermane-ellen-burgemeister","status":"publish","type":"post","link":"https:\/\/radiostargjilan.com\/web\/kryeprokurori-maloku-takon-perfaqesuesen-e-larte-te-ambasades-gjermane-ellen-burgemeister\/","title":{"rendered":"Kryeprokurori Maloku takon p\u00ebrfaq\u00ebsuesen e lart\u00eb t\u00eb Ambasad\u00ebs Gjermane Ellen Burgemeister"},"content":{"rendered":"<p>Kryeprokurori i Prokuroris\u00eb Themelore t\u00eb Gjilanit, Jetish Maloku, sot ka pritur n\u00eb takim pune p\u00ebrfaq\u00ebsuesen e lart\u00eb t\u00eb ambasad\u00ebs gjermane, Ellen Burgemeister.<\/p>\n<p>N\u00eb k\u00ebt\u00eb takim, ishin t\u00eb pranish\u00ebm edhe kryetari i Gjykat\u00ebs Themelore n\u00eb Gjilan, Ramiz Azizi, si dhe dy prokuror\u00eb nga Prokuroria Themelore n\u00eb Gjilan.<\/p>\n<p>Fillimisht, n\u00eb k\u00ebt\u00eb takim kryeprokurori Maloku dhe kryetari Azizi, kan\u00eb njoftuar p\u00ebrfaq\u00ebsuesen e lart\u00eb t\u00eb ambasad\u00ebs gjermane, mbi funksionimin dhe efikasitetin e sistemit prokurorial dhe gjyq\u00ebsor.<\/p>\n<p>Gjat\u00eb k\u00ebtij takimi \u00ebsht\u00eb diskutuar kryesisht rreth sistemit t\u00eb drejt\u00ebsis\u00eb, p\u00ebr arritjet dhe sfidat n\u00eb fush\u00ebn e sundimit t\u00eb ligjit, n\u00eb m\u00ebnyr\u00eb q\u00eb t\u00eb ofrohet ndihm\u00eb e nd\u00ebrsjell\u00eb juridike n\u00eb procedurat penale, nga t\u00eb dy shtetet.<\/p>\n<p>Gjithashtu, edhe p\u00ebrfaq\u00ebsuesja nga ambasada gjermane, ka ofruar mb\u00ebshtetjen e shtetit t\u00eb saj, q\u00eb edhe m\u00eb tej t\u00eb ndihmoj\u00eb sistemin e drejt\u00ebsis\u00eb s\u00eb Kosov\u00ebs.<\/p>\n<p>N\u00eb fund t\u00eb takimit, kryeprokurori Maloku, \u00ebsht\u00eb shprehur fal\u00ebnderues ndaj Republik\u00ebs Federale t\u00eb Gjermanis\u00eb, p\u00ebr kontributin dhe qasjen ndaj Kosov\u00ebs, si dhe \u00ebsht\u00eb shprehur i p\u00ebrkushtuar q\u00eb bashk\u00ebpunimi mes dy vendeve n\u00eb t\u00eb ardhmen t\u00eb thellohet edhe m\u00eb shum\u00eb.<\/p>\n","protected":false},"excerpt":{"rendered":"<p>Kryeprokurori i Prokuroris\u00eb Themelore t\u00eb Gjilanit, Jetish Maloku, sot ka pritur n\u00eb takim pune p\u00ebrfaq\u00ebsuesen e lart\u00eb t\u00eb ambasad\u00ebs gjermane, Ellen Burgemeister. N\u00eb k\u00ebt\u00eb takim, ishin t\u00eb pranish\u00ebm edhe kryetari i Gjykat\u00ebs Themelore n\u00eb Gjilan, Ramiz Azizi, si dhe dy prokuror\u00eb nga Prokuroria Themelore n\u00eb Gjilan. Fillimisht, n\u00eb k\u00ebt\u00eb takim kryeprokurori Maloku dhe kryetari Azizi, [&hellip;]<\/p>\n","protected":false},"author":1,"featured_media":26662,"comment_status":"closed","ping_status":"closed","sticky":false,"template":"","format":"standard","meta":{"footnotes":""},"categories":[5],"tags":[],"class_list":{"0":"post-26661","1":"post","2":"type-post","3":"status-publish","4":"format-standard","5":"has-post-thumbnail","7":"category-lajme"},"_links":{"self":[{"href":"https:\/\/radiostargjilan.com\/web\/wp-json\/wp\/v2\/posts\/26661","targetHints":{"allow":["GET"]}}],"collection":[{"href":"https:\/\/radiostargjilan.com\/web\/wp-json\/wp\/v2\/posts"}],"about":[{"href":"https:\/\/radiostargjilan.com\/web\/wp-json\/wp\/v2\/types\/post"}],"author":[{"embeddable":true,"href":"https:\/\/radiostargjilan.com\/web\/wp-json\/wp\/v2\/users\/1"}],"replies":[{"embeddable":true,"href":"https:\/\/radiostargjilan.com\/web\/wp-json\/wp\/v2\/comments?post=26661"}],"version-history":[{"count":0,"href":"https:\/\/radiostargjilan.com\/web\/wp-json\/wp\/v2\/posts\/26661\/revisions"}],"wp:featuredmedia":[{"embeddable":true,"href":"https:\/\/radiostargjilan.com\/web\/wp-json\/wp\/v2\/media\/26662"}],"wp:attachment":[{"href":"https:\/\/radiostargjilan.com\/web\/wp-json\/wp\/v2\/media?parent=26661"}],"wp:term":[{"taxonomy":"category","embeddable":true,"href":"https:\/\/radiostargjilan.com\/web\/wp-json\/wp\/v2\/categories?post=26661"},{"taxonomy":"post_tag","embeddable":true,"href":"https:\/\/radiostargjilan.com\/web\/wp-json\/wp\/v2\/tags?post=26661"}],"curies":[{"name":"wp","href":"https:\/\/api.w.org\/{rel}","templated":true}]}}