{"id":26755,"date":"2018-10-20T09:53:16","date_gmt":"2018-10-20T09:53:16","guid":{"rendered":"http:\/\/radiostargjilan.com\/web\/?p=26755"},"modified":"2018-10-20T09:54:47","modified_gmt":"2018-10-20T09:54:47","slug":"vet-aksidentohet-nje-veture-e-policise-se-kosoves-ne-magjistralen-gjilan-prishtine","status":"publish","type":"post","link":"https:\/\/radiostargjilan.com\/web\/vet-aksidentohet-nje-veture-e-policise-se-kosoves-ne-magjistralen-gjilan-prishtine\/","title":{"rendered":"Vet-aksidentohet nj\u00eb vetur\u00eb e Policis\u00eb s\u00eb Kosov\u00ebs n\u00eb magjistralen Gjilan-Prishtin\u00eb"},"content":{"rendered":"<p>Nj\u00eb vet-aksident ka ndodhur mbr\u00ebm n\u00eb aksin rrugor Gjilan-Prishtin\u00eb.<\/p>\n<p>Nj\u00eb vetur\u00eb e Policis\u00eb s\u00eb Kosov\u00ebs \u00ebsht\u00eb vet-aksidentuar mbr\u00ebm rreth or\u00ebs 03:00 t\u00eb mengjesit.<\/p>\n<p>Nj\u00eb lexues i \u201cRadio Star\u201d ka d\u00ebrguar disa fotografi n\u00eb redaksi ku shihet se aksidenti ka qen\u00eb vet\u00ebm me d\u00ebme  materiale.<\/p>\n<p><a href=\"http:\/\/radiostargjilan.com\/web\/2018\/10\/20\/vet-aksidentohet-nje-veture-e-policise-se-kosoves-ne-magjistralen-gjilan-prishtine\/8a99e92f-c83f-47d2-a4d5-3344b8bf12cf\/\" rel=\"attachment wp-att-26756\"><img loading=\"lazy\" loading=\"lazy\" decoding=\"async\" src=\"http:\/\/radiostargjilan.com\/web\/wp-content\/uploads\/2018\/10\/8A99E92F-C83F-47D2-A4D5-3344B8BF12CF.jpeg\" alt=\"\" width=\"1242\" height=\"1234\" class=\"aligncenter size-full wp-image-26756\" srcset=\"https:\/\/radiostargjilan.com\/web\/wp-content\/uploads\/2018\/10\/8A99E92F-C83F-47D2-A4D5-3344B8BF12CF.jpeg 1242w, https:\/\/radiostargjilan.com\/web\/wp-content\/uploads\/2018\/10\/8A99E92F-C83F-47D2-A4D5-3344B8BF12CF-100x100.jpeg 100w, https:\/\/radiostargjilan.com\/web\/wp-content\/uploads\/2018\/10\/8A99E92F-C83F-47D2-A4D5-3344B8BF12CF-600x596.jpeg 600w, https:\/\/radiostargjilan.com\/web\/wp-content\/uploads\/2018\/10\/8A99E92F-C83F-47D2-A4D5-3344B8BF12CF-150x150.jpeg 150w, https:\/\/radiostargjilan.com\/web\/wp-content\/uploads\/2018\/10\/8A99E92F-C83F-47D2-A4D5-3344B8BF12CF-300x298.jpeg 300w, https:\/\/radiostargjilan.com\/web\/wp-content\/uploads\/2018\/10\/8A99E92F-C83F-47D2-A4D5-3344B8BF12CF-768x763.jpeg 768w, https:\/\/radiostargjilan.com\/web\/wp-content\/uploads\/2018\/10\/8A99E92F-C83F-47D2-A4D5-3344B8BF12CF-1024x1017.jpeg 1024w, https:\/\/radiostargjilan.com\/web\/wp-content\/uploads\/2018\/10\/8A99E92F-C83F-47D2-A4D5-3344B8BF12CF-75x75.jpeg 75w\" sizes=\"auto, (max-width: 1242px) 100vw, 1242px\" \/><\/a><\/p>\n<p><a href=\"http:\/\/radiostargjilan.com\/web\/2018\/10\/20\/vet-aksidentohet-nje-veture-e-policise-se-kosoves-ne-magjistralen-gjilan-prishtine\/6a741870-854c-4e07-bee7-f739ccc1fbde\/\" rel=\"attachment wp-att-26757\"><img loading=\"lazy\" loading=\"lazy\" decoding=\"async\" src=\"http:\/\/radiostargjilan.com\/web\/wp-content\/uploads\/2018\/10\/6A741870-854C-4E07-BEE7-F739CCC1FBDE.jpeg\" alt=\"\" width=\"1242\" height=\"1239\" class=\"aligncenter size-full wp-image-26757\" srcset=\"https:\/\/radiostargjilan.com\/web\/wp-content\/uploads\/2018\/10\/6A741870-854C-4E07-BEE7-F739CCC1FBDE.jpeg 1242w, https:\/\/radiostargjilan.com\/web\/wp-content\/uploads\/2018\/10\/6A741870-854C-4E07-BEE7-F739CCC1FBDE-300x300.jpeg 300w, https:\/\/radiostargjilan.com\/web\/wp-content\/uploads\/2018\/10\/6A741870-854C-4E07-BEE7-F739CCC1FBDE-100x100.jpeg 100w, https:\/\/radiostargjilan.com\/web\/wp-content\/uploads\/2018\/10\/6A741870-854C-4E07-BEE7-F739CCC1FBDE-600x599.jpeg 600w, https:\/\/radiostargjilan.com\/web\/wp-content\/uploads\/2018\/10\/6A741870-854C-4E07-BEE7-F739CCC1FBDE-150x150.jpeg 150w, https:\/\/radiostargjilan.com\/web\/wp-content\/uploads\/2018\/10\/6A741870-854C-4E07-BEE7-F739CCC1FBDE-768x766.jpeg 768w, https:\/\/radiostargjilan.com\/web\/wp-content\/uploads\/2018\/10\/6A741870-854C-4E07-BEE7-F739CCC1FBDE-1024x1022.jpeg 1024w, https:\/\/radiostargjilan.com\/web\/wp-content\/uploads\/2018\/10\/6A741870-854C-4E07-BEE7-F739CCC1FBDE-75x75.jpeg 75w\" sizes=\"auto, (max-width: 1242px) 100vw, 1242px\" \/><\/a><\/p>\n<p><a href=\"http:\/\/radiostargjilan.com\/web\/2018\/10\/20\/vet-aksidentohet-nje-veture-e-policise-se-kosoves-ne-magjistralen-gjilan-prishtine\/fe14fe8f-dd6a-40c1-98b6-d8d5dca06c6d\/\" rel=\"attachment wp-att-26758\"><img loading=\"lazy\" loading=\"lazy\" decoding=\"async\" src=\"http:\/\/radiostargjilan.com\/web\/wp-content\/uploads\/2018\/10\/FE14FE8F-DD6A-40C1-98B6-D8D5DCA06C6D.jpeg\" alt=\"\" width=\"1242\" height=\"1008\" class=\"aligncenter size-full wp-image-26758\" srcset=\"https:\/\/radiostargjilan.com\/web\/wp-content\/uploads\/2018\/10\/FE14FE8F-DD6A-40C1-98B6-D8D5DCA06C6D.jpeg 1242w, https:\/\/radiostargjilan.com\/web\/wp-content\/uploads\/2018\/10\/FE14FE8F-DD6A-40C1-98B6-D8D5DCA06C6D-600x487.jpeg 600w, https:\/\/radiostargjilan.com\/web\/wp-content\/uploads\/2018\/10\/FE14FE8F-DD6A-40C1-98B6-D8D5DCA06C6D-300x243.jpeg 300w, https:\/\/radiostargjilan.com\/web\/wp-content\/uploads\/2018\/10\/FE14FE8F-DD6A-40C1-98B6-D8D5DCA06C6D-768x623.jpeg 768w, https:\/\/radiostargjilan.com\/web\/wp-content\/uploads\/2018\/10\/FE14FE8F-DD6A-40C1-98B6-D8D5DCA06C6D-1024x831.jpeg 1024w\" sizes=\"auto, (max-width: 1242px) 100vw, 1242px\" \/><\/a><\/p>\n<p><a href=\"http:\/\/radiostargjilan.com\/web\/2018\/10\/20\/vet-aksidentohet-nje-veture-e-policise-se-kosoves-ne-magjistralen-gjilan-prishtine\/97ce6854-732d-47d6-820a-9c3f7098717a\/\" rel=\"attachment wp-att-26759\"><img loading=\"lazy\" loading=\"lazy\" decoding=\"async\" src=\"http:\/\/radiostargjilan.com\/web\/wp-content\/uploads\/2018\/10\/97CE6854-732D-47D6-820A-9C3F7098717A.jpeg\" alt=\"\" width=\"1242\" height=\"1394\" class=\"aligncenter size-full wp-image-26759\" srcset=\"https:\/\/radiostargjilan.com\/web\/wp-content\/uploads\/2018\/10\/97CE6854-732D-47D6-820A-9C3F7098717A.jpeg 1242w, https:\/\/radiostargjilan.com\/web\/wp-content\/uploads\/2018\/10\/97CE6854-732D-47D6-820A-9C3F7098717A-600x673.jpeg 600w, https:\/\/radiostargjilan.com\/web\/wp-content\/uploads\/2018\/10\/97CE6854-732D-47D6-820A-9C3F7098717A-267x300.jpeg 267w, https:\/\/radiostargjilan.com\/web\/wp-content\/uploads\/2018\/10\/97CE6854-732D-47D6-820A-9C3F7098717A-768x862.jpeg 768w, https:\/\/radiostargjilan.com\/web\/wp-content\/uploads\/2018\/10\/97CE6854-732D-47D6-820A-9C3F7098717A-912x1024.jpeg 912w\" sizes=\"auto, (max-width: 1242px) 100vw, 1242px\" \/><\/a><\/p>\n","protected":false},"excerpt":{"rendered":"<p>Nj\u00eb vet-aksident ka ndodhur mbr\u00ebm n\u00eb aksin rrugor Gjilan-Prishtin\u00eb. Nj\u00eb vetur\u00eb e Policis\u00eb s\u00eb Kosov\u00ebs \u00ebsht\u00eb vet-aksidentuar mbr\u00ebm rreth or\u00ebs 03:00 t\u00eb mengjesit. Nj\u00eb lexues i \u201cRadio Star\u201d ka d\u00ebrguar disa fotografi n\u00eb redaksi ku shihet se aksidenti ka qen\u00eb vet\u00ebm me d\u00ebme materiale.<\/p>\n","protected":false},"author":1,"featured_media":26757,"comment_status":"closed","ping_status":"closed","sticky":false,"template":"","format":"standard","meta":{"footnotes":""},"categories":[5],"tags":[],"class_list":{"0":"post-26755","1":"post","2":"type-post","3":"status-publish","4":"format-standard","5":"has-post-thumbnail","7":"category-lajme"},"_links":{"self":[{"href":"https:\/\/radiostargjilan.com\/web\/wp-json\/wp\/v2\/posts\/26755","targetHints":{"allow":["GET"]}}],"collection":[{"href":"https:\/\/radiostargjilan.com\/web\/wp-json\/wp\/v2\/posts"}],"about":[{"href":"https:\/\/radiostargjilan.com\/web\/wp-json\/wp\/v2\/types\/post"}],"author":[{"embeddable":true,"href":"https:\/\/radiostargjilan.com\/web\/wp-json\/wp\/v2\/users\/1"}],"replies":[{"embeddable":true,"href":"https:\/\/radiostargjilan.com\/web\/wp-json\/wp\/v2\/comments?post=26755"}],"version-history":[{"count":0,"href":"https:\/\/radiostargjilan.com\/web\/wp-json\/wp\/v2\/posts\/26755\/revisions"}],"wp:featuredmedia":[{"embeddable":true,"href":"https:\/\/radiostargjilan.com\/web\/wp-json\/wp\/v2\/media\/26757"}],"wp:attachment":[{"href":"https:\/\/radiostargjilan.com\/web\/wp-json\/wp\/v2\/media?parent=26755"}],"wp:term":[{"taxonomy":"category","embeddable":true,"href":"https:\/\/radiostargjilan.com\/web\/wp-json\/wp\/v2\/categories?post=26755"},{"taxonomy":"post_tag","embeddable":true,"href":"https:\/\/radiostargjilan.com\/web\/wp-json\/wp\/v2\/tags?post=26755"}],"curies":[{"name":"wp","href":"https:\/\/api.w.org\/{rel}","templated":true}]}}