{"id":26957,"date":"2018-10-23T06:16:25","date_gmt":"2018-10-23T06:16:25","guid":{"rendered":"http:\/\/radiostargjilan.com\/web\/?p=26957"},"modified":"2018-10-23T06:16:25","modified_gmt":"2018-10-23T06:16:25","slug":"haziri-per-arrestimin-e-zevendesministrit-cena-politika-te-jete-gardian-i-bizneseve","status":"publish","type":"post","link":"https:\/\/radiostargjilan.com\/web\/haziri-per-arrestimin-e-zevendesministrit-cena-politika-te-jete-gardian-i-bizneseve\/","title":{"rendered":"HAZIRI P\u00cbR ARRESTIMIN E Z\u00cbVEND\u00cbSMINISTRIT CENA: POLITIKA T\u00cb JET\u00cb GARDIAN I BIZNESEVE"},"content":{"rendered":"<p>N\u00ebnkryetari i LDK-s\u00eb ka komentuar rastin e fundit t\u00eb arrestimit t\u00eb z\u00ebvend\u00ebsministrit Musa Cena p\u00ebr ryshfet.<\/p>\n<p>Thot\u00eb se Qeveria e udh\u00ebhequr nga Ramush Haradinaj nuk \u00ebsht\u00eb imune ndaj krimit dhe korrupsionit.<\/p>\n<p>P\u00ebr k\u00ebt\u00eb ai ka p\u00ebrmendur nj\u00eb varg arsyesh.<\/p>\n<p>\u201cPolitika duhet me qen\u00eb gardian i bizneseve\u201d, tha Haziri n\u00eb emisionin \u2018DPT te Fidani\u2019 n\u00eb T7.<\/p>\n<p>\u201cKa edhe aktakuza tjera, ka aktakuza p\u00ebr krim t\u00eb organizum, korrupsion, shantazh\u2019, shtoi ai.<\/p>\n<p>Kryetari i Gjilanit p\u00ebrmendi edhe Qeverin\u00eb e kaluar e udh\u00ebhequr nga shefi i tij partiak, Isa Mustafa.<\/p>\n<p>Sipas tij, kjo ishte Qeveria e vetme q\u00eb nuk ishte p\u00ebrfshir\u00eb n\u00eb skandale t\u00eb tilla.<\/p>\n<p>Z\u00ebvend\u00ebsministri i Zhvillimit Rural, Musa Cena, \u00ebsht\u00eb arrestuar pasi dyshohet se ka marr\u00eb ryshfet dhe ka keqp\u00ebrdorur detyr\u00ebn dhe autoritetin zyrtar.<\/p>\n","protected":false},"excerpt":{"rendered":"<p>N\u00ebnkryetari i LDK-s\u00eb ka komentuar rastin e fundit t\u00eb arrestimit t\u00eb z\u00ebvend\u00ebsministrit Musa Cena p\u00ebr ryshfet. Thot\u00eb se Qeveria e udh\u00ebhequr nga Ramush Haradinaj nuk \u00ebsht\u00eb imune ndaj krimit dhe korrupsionit. P\u00ebr k\u00ebt\u00eb ai ka p\u00ebrmendur nj\u00eb varg arsyesh. \u201cPolitika duhet me qen\u00eb gardian i bizneseve\u201d, tha Haziri n\u00eb emisionin \u2018DPT te Fidani\u2019 n\u00eb T7. [&hellip;]<\/p>\n","protected":false},"author":1,"featured_media":26399,"comment_status":"closed","ping_status":"closed","sticky":false,"template":"","format":"standard","meta":{"footnotes":""},"categories":[5],"tags":[],"class_list":{"0":"post-26957","1":"post","2":"type-post","3":"status-publish","4":"format-standard","5":"has-post-thumbnail","7":"category-lajme"},"_links":{"self":[{"href":"https:\/\/radiostargjilan.com\/web\/wp-json\/wp\/v2\/posts\/26957","targetHints":{"allow":["GET"]}}],"collection":[{"href":"https:\/\/radiostargjilan.com\/web\/wp-json\/wp\/v2\/posts"}],"about":[{"href":"https:\/\/radiostargjilan.com\/web\/wp-json\/wp\/v2\/types\/post"}],"author":[{"embeddable":true,"href":"https:\/\/radiostargjilan.com\/web\/wp-json\/wp\/v2\/users\/1"}],"replies":[{"embeddable":true,"href":"https:\/\/radiostargjilan.com\/web\/wp-json\/wp\/v2\/comments?post=26957"}],"version-history":[{"count":0,"href":"https:\/\/radiostargjilan.com\/web\/wp-json\/wp\/v2\/posts\/26957\/revisions"}],"wp:featuredmedia":[{"embeddable":true,"href":"https:\/\/radiostargjilan.com\/web\/wp-json\/wp\/v2\/media\/26399"}],"wp:attachment":[{"href":"https:\/\/radiostargjilan.com\/web\/wp-json\/wp\/v2\/media?parent=26957"}],"wp:term":[{"taxonomy":"category","embeddable":true,"href":"https:\/\/radiostargjilan.com\/web\/wp-json\/wp\/v2\/categories?post=26957"},{"taxonomy":"post_tag","embeddable":true,"href":"https:\/\/radiostargjilan.com\/web\/wp-json\/wp\/v2\/tags?post=26957"}],"curies":[{"name":"wp","href":"https:\/\/api.w.org\/{rel}","templated":true}]}}