{"id":27541,"date":"2018-11-03T09:52:48","date_gmt":"2018-11-03T09:52:48","guid":{"rendered":"http:\/\/radiostargjilan.com\/web\/?p=27541"},"modified":"2018-11-03T09:52:48","modified_gmt":"2018-11-03T09:52:48","slug":"rexhepi-parkingje-ilegale-ne-zheger-po-rrezikohen-kembesoret","status":"publish","type":"post","link":"https:\/\/radiostargjilan.com\/web\/rexhepi-parkingje-ilegale-ne-zheger-po-rrezikohen-kembesoret\/","title":{"rendered":"Rexhepi: Parkingje ilegale n\u00eb Zheg\u00ebr, po rrezikohen k\u00ebmb\u00ebsor\u00ebt"},"content":{"rendered":"<p>N\u00eb konferenc\u00ebn e sotme p\u00ebr media t\u00eb organizuar nga L\u00ebvizja Vet\u00ebvendosje n\u00eb Gjilan, p\u00ebrve\u00e7 kryetarit, Nevzad Isufi, ka folur edhe k\u00ebshilltarja komunale nga ky subjekt Arjeta Rexhepi. Ajo ka paraqitur si problem nd\u00ebrtimin e paautorizuar t\u00eb parkingut ilegal, n\u00eb oborrin e Qendr\u00ebs s\u00eb Mjek\u00ebsis\u00eb Familjare n\u00eb fshatin Zheg\u00ebr.<br \/>\n\u201cK\u00ebto parkingje n\u00eb skaj t\u00eb QMF-s\u00eb do t\u00eb shkaktojn\u00eb rrezik p\u00ebr k\u00ebmb\u00ebsor\u00eb sepse veturat do t\u00eb kalojn\u00eb n\u00ebp\u00ebr trotuar p\u00ebr t\u2019u parkuar. Kemi gjetur nj\u00eb varg shkeljesh ligjore t\u00eb cilat jan\u00eb edhe vepra penale t\u00eb r\u00ebnda si: tejkalimi i kompetencave, krijim i paautorizuar i pron\u00ebs publike, cenim i pron\u00ebs publike, prerje e drunjve dhe pishave pa autorizim, n\u00eb k\u00ebt\u00eb rast, shkaktim i rrezikut p\u00ebr k\u00ebmb\u00ebsor\u00eb, g\u00ebrryerja e dheut dhe degradim i ambientit t\u00eb hap\u00ebsir\u00ebs vepruese t\u00eb QMF-s\u00eb dhe d\u00ebmtim i trotuarit\u201d, ka theksuar Rexhepi.<\/p>\n<p>K\u00ebshilltarja Arjeta Rexhepi tutje ka vijuar se p\u00ebr k\u00ebt\u00eb rast banor\u00ebt e fshatit Zheg\u00ebr kan\u00eb b\u00ebr\u00eb ankes\u00eb, duke k\u00ebrkuar q\u00eb gjendja t\u00eb kthehet n\u00eb gjendje t\u00eb m\u00ebparshme.<\/p>\n<p>Ajo ka shtuar se p\u00ebrkoh\u00ebsisht u nd\u00ebrpren\u00eb punimet n\u00eb k\u00ebt\u00eb pjes\u00eb por q\u00eb nga at\u00ebher\u00eb nuk \u00ebsht\u00eb nd\u00ebrmarr\u00eb asgj\u00eb.<\/p>\n<p>Po ashtu Rexhepi ka th\u00ebn\u00eb se edhe n\u00eb seanc\u00ebn e fundit t\u00eb kuvendit komunal si pik\u00eb e rendit t\u00eb dit\u00ebs nga LDK \u00ebsht\u00eb propozuar q\u00eb t\u00eb ndryshohet rregullorja p\u00ebr k\u00ebshillat e fshatrave dhe lagjeve.<\/p>\n<p>Sipas kuvendares Rexhepi, si\u00e7 p\u00ebrfundon mandati i nj\u00eb an\u00ebtari t\u00eb kuvendit p\u00ebrfundon edhe mandati i K\u00ebshillit t\u00eb fshatrave dhe udh\u00ebheqjes s\u00eb tij.<\/p>\n<p>Prandaj, ajo uron q\u00eb n\u00eb zgjedhjet e reja t\u00eb ket\u00eb v\u00ebrtet\u00eb kryetar t\u00eb K\u00ebshillave p\u00ebr fshatra dhe lagje q\u00eb e meritojn\u00eb dhe jo militant t\u00eb LDK-s\u00eb.<\/p>\n","protected":false},"excerpt":{"rendered":"<p>N\u00eb konferenc\u00ebn e sotme p\u00ebr media t\u00eb organizuar nga L\u00ebvizja Vet\u00ebvendosje n\u00eb Gjilan, p\u00ebrve\u00e7 kryetarit, Nevzad Isufi, ka folur edhe k\u00ebshilltarja komunale nga ky subjekt Arjeta Rexhepi. Ajo ka paraqitur si problem nd\u00ebrtimin e paautorizuar t\u00eb parkingut ilegal, n\u00eb oborrin e Qendr\u00ebs s\u00eb Mjek\u00ebsis\u00eb Familjare n\u00eb fshatin Zheg\u00ebr. \u201cK\u00ebto parkingje n\u00eb skaj t\u00eb QMF-s\u00eb do [&hellip;]<\/p>\n","protected":false},"author":1,"featured_media":27542,"comment_status":"closed","ping_status":"closed","sticky":false,"template":"","format":"standard","meta":{"footnotes":""},"categories":[5],"tags":[],"class_list":{"0":"post-27541","1":"post","2":"type-post","3":"status-publish","4":"format-standard","5":"has-post-thumbnail","7":"category-lajme"},"_links":{"self":[{"href":"https:\/\/radiostargjilan.com\/web\/wp-json\/wp\/v2\/posts\/27541","targetHints":{"allow":["GET"]}}],"collection":[{"href":"https:\/\/radiostargjilan.com\/web\/wp-json\/wp\/v2\/posts"}],"about":[{"href":"https:\/\/radiostargjilan.com\/web\/wp-json\/wp\/v2\/types\/post"}],"author":[{"embeddable":true,"href":"https:\/\/radiostargjilan.com\/web\/wp-json\/wp\/v2\/users\/1"}],"replies":[{"embeddable":true,"href":"https:\/\/radiostargjilan.com\/web\/wp-json\/wp\/v2\/comments?post=27541"}],"version-history":[{"count":0,"href":"https:\/\/radiostargjilan.com\/web\/wp-json\/wp\/v2\/posts\/27541\/revisions"}],"wp:featuredmedia":[{"embeddable":true,"href":"https:\/\/radiostargjilan.com\/web\/wp-json\/wp\/v2\/media\/27542"}],"wp:attachment":[{"href":"https:\/\/radiostargjilan.com\/web\/wp-json\/wp\/v2\/media?parent=27541"}],"wp:term":[{"taxonomy":"category","embeddable":true,"href":"https:\/\/radiostargjilan.com\/web\/wp-json\/wp\/v2\/categories?post=27541"},{"taxonomy":"post_tag","embeddable":true,"href":"https:\/\/radiostargjilan.com\/web\/wp-json\/wp\/v2\/tags?post=27541"}],"curies":[{"name":"wp","href":"https:\/\/api.w.org\/{rel}","templated":true}]}}