{"id":27754,"date":"2018-11-06T14:28:41","date_gmt":"2018-11-06T14:28:41","guid":{"rendered":"http:\/\/radiostargjilan.com\/web\/?p=27754"},"modified":"2018-11-06T14:28:41","modified_gmt":"2018-11-06T14:28:41","slug":"kosova-vendos-mase-tregtare-ndaj-produkteve-te-serbise-dhe-bosnjes","status":"publish","type":"post","link":"https:\/\/radiostargjilan.com\/web\/kosova-vendos-mase-tregtare-ndaj-produkteve-te-serbise-dhe-bosnjes\/","title":{"rendered":"KOSOVA VENDOS MAS\u00cb TREGTARE NDAJ PRODUKTEVE T\u00cb SERBIS\u00cb DHE BOSNJ\u00cbS"},"content":{"rendered":"<p>Qeveria e Kosov\u00ebs ka vendosur mas\u00eb n\u00eb importin e mallrave nga Serbia dhe Bosnja e Hercegovina.<\/p>\n<p>N\u00eb mbledhjen e sotme t\u00eb qeveris\u00eb, ministri i Tregtis\u00eb dhe Industris\u00eb, Endrit Shala, i propozoi kabinetit qeveritar vendosjen e mas\u00ebs prej 10 % p\u00ebr disa produkte q\u00eb prodhohen n\u00eb k\u00ebto dy shtete.<\/p>\n<p>Shala tha se nga kjo mas\u00eb p\u00ebrjashtohen produktet e brendeve nd\u00ebrkomb\u00ebtare q\u00eb prodhohen n\u00eb Serbi dhe Bosnj\u00eb e Hercegovin\u00eb, dy shtete q\u00eb ende nuk e kan\u00eb njohur pavar\u00ebsin\u00eb e Kosov\u00ebs<\/p>\n<p>Sipas ministrit Shala, kjo mas\u00eb vendoset p\u00ebr qum\u00ebshtin dhe produktet e qum\u00ebshtit, uji, biskotat, materialet nd\u00ebrtimore dhe l\u00ebngjet e prodhuara n\u00eb k\u00ebto dy shtete.<\/p>\n<p>Z\u00ebvend\u00ebs Kryeministri Enver Hoxhaj, duke folur n\u00eb k\u00ebt\u00eb mbledhje foli edhe p\u00ebr aspektin politik t\u00eb k\u00ebsaj mase t\u00eb vendosur.<\/p>\n<p>\u201cSerbia po shp\u00ebrndan shuma t\u00eb m\u00ebdha parash q\u00eb ta d\u00ebmtoj\u00eb shtetin e Kosov\u00ebs dhe nj\u00eb pjes\u00eb e madhe e k\u00ebtyre parave vijn\u00eb nga tregtia me shtetin ton\u00eb\u201d, tha Hoxhaj.<\/p>\n<p>Kjo \u00ebsht\u00eb p\u00ebrgjigja m\u00eb e mir\u00eb ndaj sjelljeve destruktive t\u00eb Serbis\u00eb\u201d, tha Hoxhaj duke i ftuar edhe qytetar\u00ebt q\u00eb t\u00eb mos i blejn\u00eb produktet e Serbis\u00eb.<\/p>\n<p>\u201cBesoj q\u00eb q\u00eb nga sot edhe valixhja e Ivica Da\u00e7iqit prej sot do t\u00eb jet\u00eb m\u00eb e vog\u00ebl dhe m\u00eb e holl\u00eb p\u00ebr t\u00eb punuar kund\u00ebr Kosov\u00ebs\u201d, tha Enver Hoxhaj.<\/p>\n<p>Nd\u00ebrsa kur u miratua propozimi, kryeministri Haradinaj deshi t\u00eb sigurohej se ky vendim nuk i prek brendet nd\u00ebrkomb\u00ebtare q\u00eb prodhojn\u00eb n\u00eb Serbi e Bosnj\u00eb.<\/p>\n<p>\u201cCoca Cola nuk \u00ebsht\u00eb prekur nga ky vendim\u201d, tha Haradinaj.<\/p>\n","protected":false},"excerpt":{"rendered":"<p>Qeveria e Kosov\u00ebs ka vendosur mas\u00eb n\u00eb importin e mallrave nga Serbia dhe Bosnja e Hercegovina. N\u00eb mbledhjen e sotme t\u00eb qeveris\u00eb, ministri i Tregtis\u00eb dhe Industris\u00eb, Endrit Shala, i propozoi kabinetit qeveritar vendosjen e mas\u00ebs prej 10 % p\u00ebr disa produkte q\u00eb prodhohen n\u00eb k\u00ebto dy shtete. Shala tha se nga kjo mas\u00eb p\u00ebrjashtohen [&hellip;]<\/p>\n","protected":false},"author":1,"featured_media":27755,"comment_status":"closed","ping_status":"closed","sticky":false,"template":"","format":"standard","meta":{"footnotes":""},"categories":[5],"tags":[],"class_list":{"0":"post-27754","1":"post","2":"type-post","3":"status-publish","4":"format-standard","5":"has-post-thumbnail","7":"category-lajme"},"_links":{"self":[{"href":"https:\/\/radiostargjilan.com\/web\/wp-json\/wp\/v2\/posts\/27754","targetHints":{"allow":["GET"]}}],"collection":[{"href":"https:\/\/radiostargjilan.com\/web\/wp-json\/wp\/v2\/posts"}],"about":[{"href":"https:\/\/radiostargjilan.com\/web\/wp-json\/wp\/v2\/types\/post"}],"author":[{"embeddable":true,"href":"https:\/\/radiostargjilan.com\/web\/wp-json\/wp\/v2\/users\/1"}],"replies":[{"embeddable":true,"href":"https:\/\/radiostargjilan.com\/web\/wp-json\/wp\/v2\/comments?post=27754"}],"version-history":[{"count":0,"href":"https:\/\/radiostargjilan.com\/web\/wp-json\/wp\/v2\/posts\/27754\/revisions"}],"wp:featuredmedia":[{"embeddable":true,"href":"https:\/\/radiostargjilan.com\/web\/wp-json\/wp\/v2\/media\/27755"}],"wp:attachment":[{"href":"https:\/\/radiostargjilan.com\/web\/wp-json\/wp\/v2\/media?parent=27754"}],"wp:term":[{"taxonomy":"category","embeddable":true,"href":"https:\/\/radiostargjilan.com\/web\/wp-json\/wp\/v2\/categories?post=27754"},{"taxonomy":"post_tag","embeddable":true,"href":"https:\/\/radiostargjilan.com\/web\/wp-json\/wp\/v2\/tags?post=27754"}],"curies":[{"name":"wp","href":"https:\/\/api.w.org\/{rel}","templated":true}]}}