{"id":27818,"date":"2018-11-07T08:09:41","date_gmt":"2018-11-07T08:09:41","guid":{"rendered":"http:\/\/radiostargjilan.com\/web\/?p=27818"},"modified":"2018-11-07T08:09:41","modified_gmt":"2018-11-07T08:09:41","slug":"dogana-fillon-aplikimin-e-vendimit-te-qeverise-per-taksen-ndaj-produkteve-te-serbise-dhe-bosnjes","status":"publish","type":"post","link":"https:\/\/radiostargjilan.com\/web\/dogana-fillon-aplikimin-e-vendimit-te-qeverise-per-taksen-ndaj-produkteve-te-serbise-dhe-bosnjes\/","title":{"rendered":"Dogana fillon aplikimin e vendimit t\u00eb Qeveris\u00eb p\u00ebr taks\u00ebn ndaj produkteve t\u00eb Serbis\u00eb dhe Bosnj\u00ebs"},"content":{"rendered":"<p>Dogana fillon aplikimin e vendimit t\u00eb Qeveris\u00eb p\u00ebr taks\u00ebn ndaj produkteve t\u00eb Serbis\u00eb dhe Bosnj\u00ebs<\/p>\n<p>Dogana e Kosov\u00ebs ka filluar aplikimin e vendimit t\u00eb Qeveris\u00eb s\u00eb Kosov\u00ebs, p\u00ebr v\u00ebnien e taks\u00ebs prej 10 p\u00ebr qind n\u00eb import t\u00eb produkteve me origjin\u00eb nga Serbia dhe Bosnja e Hercegovina. K\u00ebt\u00eb e ka konfirmuar p\u00ebr Telegrafin z\u00ebdh\u00ebn\u00ebsi i Dogan\u00ebs s\u00eb Kosov\u00ebs, Adriatik Stavileci.<\/p>\n<p>Dogana ka filluar implementimin e vendimit t\u00eb Qeveris\u00eb s\u00eb Kosov\u00ebs, p\u00ebr produktet t\u00eb cilat importohen nga Serbia dhe Bosnja e Hercegovina\u201d, ka th\u00ebn\u00eb Stavileci.<br \/>\nSipas tij, volumi i mallrave t\u00eb importuar nga Serbia dhe Bosnja e Hercegovina, \u00ebsht\u00eb me vlera milion\u00ebsh brenda vitit.<\/p>\n<p>\u201cDuhet ta kemi parasysh se ka volum t\u00eb madh t\u00eb importit nga Serbia, pasi brenda nj\u00eb viti importojm\u00eb rreth 400 milion\u00eb euro vler\u00eb t\u00eb produkteve. Derisa nga Bosnja e Hercegovina kemi importe t\u00eb mallrave n\u00eb vler\u00eb prej rreth 80 milion\u00eb euro brenda nj\u00eb viti\u201d, tha z\u00ebdh\u00ebn\u00ebsi Adriatik Stavileci.<\/p>\n<p>Ndryshe, Qeveria e Kosov\u00ebs, ka th\u00ebn\u00eb se vendimi synon mbrojtjen e prodhimeve vendore, shkruan Telegrafi.<\/p>\n<p>\u201cQeveria ka miratuar vendimin p\u00ebr vendosjen e mas\u00ebs mbrojt\u00ebse p\u00ebr importin e t\u00eb gjitha produkteve t\u00eb prodhuara n\u00eb Republik\u00ebn e Serbis\u00eb dhe n\u00eb Bosnj\u00eb dhe Hercegovin\u00eb. Masa mbrojt\u00ebse n\u00ebnkupton taks\u00ebn prej dhjet\u00eb p\u00ebr qind t\u00eb t\u00eb gjitha produkteve q\u00eb importohen n\u00eb Kosov\u00eb dhe kan\u00eb p\u00ebr vend t\u00eb origjin\u00ebs Republik\u00ebn e Serbis\u00eb dhe Bosnj\u00eb dhe Hercegovin\u00ebn. P\u00ebrjashtim nga kjo mas\u00eb do t\u00eb b\u00ebjn\u00eb produktet e brendeve nd\u00ebrkomb\u00ebtare t\u00eb prodhuara n\u00eb k\u00ebto dy vende\u201d, \u00ebsht\u00eb th\u00ebn\u00eb n\u00eb njoftimin e Zyr\u00ebs s\u00eb Kryeministrit Ramush Haradinaj t\u00eb marrt\u00ebn.<\/p>\n<p>Vendimin e qeveris\u00eb p\u00ebr v\u00ebnien e taks\u00ebs prej 10 p\u00ebr qind n\u00eb import t\u00eb produkteve me origjin\u00eb nga Serbia dhe Bosnja e Hercegovina e kan\u00eb mb\u00ebshtetur t\u00eb gjitha asociacionet e bizneseve n\u00eb vend, vet\u00ebm se ka pas dyshime se sa gjat\u00eb do t\u2019i q\u00ebndrohet k\u00ebtij vendimi. \/Telegrafi\/<\/p>\n","protected":false},"excerpt":{"rendered":"<p>Dogana fillon aplikimin e vendimit t\u00eb Qeveris\u00eb p\u00ebr taks\u00ebn ndaj produkteve t\u00eb Serbis\u00eb dhe Bosnj\u00ebs Dogana e Kosov\u00ebs ka filluar aplikimin e vendimit t\u00eb Qeveris\u00eb s\u00eb Kosov\u00ebs, p\u00ebr v\u00ebnien e taks\u00ebs prej 10 p\u00ebr qind n\u00eb import t\u00eb produkteve me origjin\u00eb nga Serbia dhe Bosnja e Hercegovina. K\u00ebt\u00eb e ka konfirmuar p\u00ebr Telegrafin z\u00ebdh\u00ebn\u00ebsi i [&hellip;]<\/p>\n","protected":false},"author":1,"featured_media":27819,"comment_status":"closed","ping_status":"closed","sticky":false,"template":"","format":"standard","meta":{"footnotes":""},"categories":[5],"tags":[],"class_list":{"0":"post-27818","1":"post","2":"type-post","3":"status-publish","4":"format-standard","5":"has-post-thumbnail","7":"category-lajme"},"_links":{"self":[{"href":"https:\/\/radiostargjilan.com\/web\/wp-json\/wp\/v2\/posts\/27818","targetHints":{"allow":["GET"]}}],"collection":[{"href":"https:\/\/radiostargjilan.com\/web\/wp-json\/wp\/v2\/posts"}],"about":[{"href":"https:\/\/radiostargjilan.com\/web\/wp-json\/wp\/v2\/types\/post"}],"author":[{"embeddable":true,"href":"https:\/\/radiostargjilan.com\/web\/wp-json\/wp\/v2\/users\/1"}],"replies":[{"embeddable":true,"href":"https:\/\/radiostargjilan.com\/web\/wp-json\/wp\/v2\/comments?post=27818"}],"version-history":[{"count":0,"href":"https:\/\/radiostargjilan.com\/web\/wp-json\/wp\/v2\/posts\/27818\/revisions"}],"wp:featuredmedia":[{"embeddable":true,"href":"https:\/\/radiostargjilan.com\/web\/wp-json\/wp\/v2\/media\/27819"}],"wp:attachment":[{"href":"https:\/\/radiostargjilan.com\/web\/wp-json\/wp\/v2\/media?parent=27818"}],"wp:term":[{"taxonomy":"category","embeddable":true,"href":"https:\/\/radiostargjilan.com\/web\/wp-json\/wp\/v2\/categories?post=27818"},{"taxonomy":"post_tag","embeddable":true,"href":"https:\/\/radiostargjilan.com\/web\/wp-json\/wp\/v2\/tags?post=27818"}],"curies":[{"name":"wp","href":"https:\/\/api.w.org\/{rel}","templated":true}]}}