{"id":27825,"date":"2018-11-07T08:48:28","date_gmt":"2018-11-07T08:48:28","guid":{"rendered":"http:\/\/radiostargjilan.com\/web\/?p=27825"},"modified":"2018-11-07T08:48:28","modified_gmt":"2018-11-07T08:48:28","slug":"urat-e-gjata-nga-arme-betoni-nevoje-e-pashmangshme","status":"publish","type":"post","link":"https:\/\/radiostargjilan.com\/web\/urat-e-gjata-nga-arme-betoni-nevoje-e-pashmangshme\/","title":{"rendered":"Urat e gjata nga arm\u00eb-betoni nevoj\u00eb e pashmangshme"},"content":{"rendered":"<p>Nd\u00ebrtimi i urave t\u00eb betonit nga ekspertet q\u00eb punuan n\u00eb disa vende t\u00eb bot\u00ebs n\u00eb k\u00ebt\u00eb l\u00ebmi, njihet si objekte t\u00eb bukura arkitektonike, statike dhe specifike. Kjo vep\u00ebr e rrall\u00eb p\u00ebr Ballkanin dhe shtetin ton\u00eb, a thua kemi pas nevoj\u00eb p\u00ebr k\u00ebt\u00eb lloj ure n\u00eb k\u00ebt\u00eb moment kur nd\u00ebrtimi i urave t\u00eb k\u00ebtyre gjat\u00ebsive n\u00eb auto-udh\u00ebn \u201c Arber Xhaferi \u201c (5814m ) dhe lart\u00ebsive nga 3 \u2013 80m k\u00ebrkon mir\u00ebmbajtjeje dhe qasje tjet\u00ebr fare p\u00ebr urat, se si ne i kemi trajtuar dhe i trajtojm\u00eb sot.<br \/>\nShkruan: Naser MORINA<\/p>\n<p>Gjat\u00eb nd\u00ebrtimit t\u00eb k\u00ebsaj ure nga pun\u00eb kryesi i punimeve \u201c Bektel-Enka\u201d m\u00eb 20.09.2018 n\u00eb baz\u00ebn e k\u00ebsaj kompanie n\u00eb Sojeve af\u00ebr Ferizajt kam k\u00ebrkuar t\u00eb m\u00eb lejohet nj\u00eb vizit\u00eb n\u00eb k\u00ebt\u00eb objekt, mir\u00ebpo kjo vizit\u00eb nuk mu lejua me arsyetimin se para hyrjes n\u00eb objektin me fjal\u00eb duhet t\u00eb ndjek\u00eb nj\u00eb trajnim adekuat, nj\u00ebher\u00eb kam k\u00ebrkuar t\u00eb m\u00eb p\u00ebrgjigjen me shkrim p\u00ebr arsyet e refuzimit por nuk kam\u00eb marr p\u00ebrgjigjeje. Ky mos lejim m\u00eb b\u00ebn t\u00eb dysho n\u00eb nd\u00ebrtimin e k\u00ebsaj ure duke par se kjo ur\u00eb \u00ebsht\u00eb nd\u00ebrtuar p\u00ebr t\u00ebr\u00eb gjat\u00ebsis\u00eb s\u00eb shtratit t\u00eb lumit Lepenc, i cili n\u00eb momente t\u00eb caktuara ka mjaft prurje gjat\u00eb sezonit t\u00eb vjesht\u00ebs.<\/p>\n<p>Deri sa shtet e rajonit kan\u00eb p\u00ebrparuar duke marr pjes\u00eb n\u00eb pun\u00ebtorit e ndryshime dhe duke harmonizuar nj\u00eb \u00e7mimore t\u00eb p\u00ebrshtatshme p\u00ebr nd\u00ebrtimin, meremetimin dhe rekonstruimin e urave, ne ende sot nuk kemi data baz\u00eb se sa ura sak\u00ebt i kemi apo se n\u00eb \u00e7far\u00eb gjendje jan\u00eb ato dhe sa jan\u00eb t\u00eb sigurta p\u00ebr transportin, kur ngarkesat boshtore t\u00eb automjeteve sot jan\u00eb rritur n\u00eb krahasim me vitet kur jan\u00eb nd\u00ebrtuar urat.<\/p>\n<p>Po ashtu k\u00ebsaj duke i shtuar edhe shtimin e automjeteve n\u00eb rrug\u00ebt e Republik\u00ebs s\u00eb Kosov\u00ebs me tejkalim t\u00eb ngarkesave na b\u00ebn t\u00eb jemi brengosur rreth organizimit t\u00eb urave prej betonit t\u00eb armuar.<\/p>\n<p>Mir\u00ebmbajtja dhe mbik\u00ebqyrja e urave t\u00eb nd\u00ebrtuara pas vitit 2010 duhet t\u00eb ket\u00eb tjet\u00ebr tretman e sidomos v\u00ebzhgimi permanent i ur\u00ebs m\u00eb t\u00eb gjat\u00eb n\u00eb Ballkan. P\u00ebrve\u00e7 zyr\u00ebs s\u00eb BE e cila nga viti 2005 \u2013 2008 me donacione me vet\u00eb financim ka ber nj\u00eb hulumtim mbi gjendjen e urave dhe pastaj duke par k\u00ebt\u00eb gjendje, e sidomos n\u00eb rrug\u00ebn Nacionale N-2, ka nd\u00ebrmarr aktivitete p\u00ebr p\u00ebrforcimin e k\u00ebtyre urave me vet\u00eb financim nga kjo zyre n\u00eb Prishtin\u00eb, nga organet kompetente Republikane nuk \u00ebsht\u00eb nd\u00ebrmarr asgj\u00eb, edhe bile nuk jan\u00eb p\u00ebrcjell raportet nga viti 2008 me plot\u00ebsim ndryshime t\u00eb k\u00ebtij studimi.<\/p>\n<p>Sipas mendimit tim n\u00ebse kjo qasje nuk ndryshon n\u00eb t\u00eb ardhmen mund t\u00eb kemi d\u00ebmtime t\u00eb tyre edhe t\u00eb rrezikohen pjes\u00ebmarr\u00ebsit n\u00eb komunikacion, ku pastaj meremetimi dhe rekonstruimin i urave do t\u00eb na kushtoj mjaft taksa paguesve Kosovar.<\/p>\n<p>K\u00ebsaj problematike kur i shtohet edhe kostot e nd\u00ebrtimit t\u00eb auto-udh\u00ebve n\u00eb Kosov\u00eb q\u00eb po na kushtojn\u00eb m\u00eb shtrenjt\u00eb se sa shteteve t\u00eb rajonit, at\u00ebher\u00eb do t\u00eb ishte e mir\u00ebseardhur t\u00eb marrim pjes\u00eb n\u00eb pun\u00ebtorit q\u00eb organizohen n\u00eb rajon dhe Evrop\u00eb p\u00ebr t\u00eb evidentuar, harmonizuar t\u00eb dh\u00ebnat mbi gjendjen e urave n\u00eb Republik\u00ebn e Kosov\u00ebs dhe k\u00ebto objekte t\u00eb mbik\u00ebqyr\u00ebn nga nj\u00eb komision i ekspert\u00ebve si\u00e7 veprohet kudo n\u00eb bot\u00eb.<\/p>\n<p>\/Autori \u00ebsht\u00eb n\u00eb p\u00ebrfundim t\u00eb tem\u00ebs s\u00eb disertacionit t\u00eb Doktorat\u00ebs \u201c Hulumtimi i shkaqeve t\u00eb d\u00ebmtimit t\u00eb urave t\u00eb betonit n\u00eb rrug\u00ebt shtet\u00ebrore t\u00eb Republik\u00ebs s\u00eb Kosov\u00ebs \u201c n\u00eb fakultetin e Nd\u00ebrtimtaris\u00eb n\u00eb Universitetin e Sarajev\u00ebs\/<a href=\"http:\/\/radiostargjilan.com\/web\/2018\/11\/07\/urat-e-gjata-nga-arme-betoni-nevoje-e-pashmangshme\/4687819e-8bf7-4777-9f19-7808a83e1186\/\" rel=\"attachment wp-att-27826\"><img loading=\"lazy\" loading=\"lazy\" decoding=\"async\" src=\"http:\/\/radiostargjilan.com\/web\/wp-content\/uploads\/2018\/11\/4687819E-8BF7-4777-9F19-7808A83E1186.png\" alt=\"\" width=\"481\" height=\"391\" class=\"aligncenter size-full wp-image-27826\" srcset=\"https:\/\/radiostargjilan.com\/web\/wp-content\/uploads\/2018\/11\/4687819E-8BF7-4777-9F19-7808A83E1186.png 481w, https:\/\/radiostargjilan.com\/web\/wp-content\/uploads\/2018\/11\/4687819E-8BF7-4777-9F19-7808A83E1186-300x244.png 300w\" sizes=\"auto, (max-width: 481px) 100vw, 481px\" \/><\/a><\/p>\n<p><a href=\"http:\/\/radiostargjilan.com\/web\/2018\/11\/07\/urat-e-gjata-nga-arme-betoni-nevoje-e-pashmangshme\/28336ee1-fa84-4904-9f6f-e8bc882f2fad\/\" rel=\"attachment wp-att-27827\"><img loading=\"lazy\" loading=\"lazy\" decoding=\"async\" src=\"http:\/\/radiostargjilan.com\/web\/wp-content\/uploads\/2018\/11\/28336EE1-FA84-4904-9F6F-E8BC882F2FAD.png\" alt=\"\" width=\"477\" height=\"357\" class=\"aligncenter size-full wp-image-27827\" srcset=\"https:\/\/radiostargjilan.com\/web\/wp-content\/uploads\/2018\/11\/28336EE1-FA84-4904-9F6F-E8BC882F2FAD.png 477w, https:\/\/radiostargjilan.com\/web\/wp-content\/uploads\/2018\/11\/28336EE1-FA84-4904-9F6F-E8BC882F2FAD-300x225.png 300w\" sizes=\"auto, (max-width: 477px) 100vw, 477px\" \/><\/a><\/p>\n<p><a href=\"http:\/\/radiostargjilan.com\/web\/2018\/11\/07\/urat-e-gjata-nga-arme-betoni-nevoje-e-pashmangshme\/0e005448-1e12-453f-932b-095fe2c82266\/\" rel=\"attachment wp-att-27828\"><img loading=\"lazy\" loading=\"lazy\" decoding=\"async\" src=\"http:\/\/radiostargjilan.com\/web\/wp-content\/uploads\/2018\/11\/0E005448-1E12-453F-932B-095FE2C82266.png\" alt=\"\" width=\"485\" height=\"355\" class=\"aligncenter size-full wp-image-27828\" srcset=\"https:\/\/radiostargjilan.com\/web\/wp-content\/uploads\/2018\/11\/0E005448-1E12-453F-932B-095FE2C82266.png 485w, https:\/\/radiostargjilan.com\/web\/wp-content\/uploads\/2018\/11\/0E005448-1E12-453F-932B-095FE2C82266-300x220.png 300w\" sizes=\"auto, (max-width: 485px) 100vw, 485px\" \/><\/a><\/p>\n<p><a href=\"http:\/\/radiostargjilan.com\/web\/2018\/11\/07\/urat-e-gjata-nga-arme-betoni-nevoje-e-pashmangshme\/c69a9f65-6bda-4f82-9d89-7277a70177ce\/\" rel=\"attachment wp-att-27829\"><img loading=\"lazy\" loading=\"lazy\" decoding=\"async\" src=\"http:\/\/radiostargjilan.com\/web\/wp-content\/uploads\/2018\/11\/C69A9F65-6BDA-4F82-9D89-7277A70177CE.png\" alt=\"\" width=\"477\" height=\"388\" class=\"aligncenter size-full wp-image-27829\" srcset=\"https:\/\/radiostargjilan.com\/web\/wp-content\/uploads\/2018\/11\/C69A9F65-6BDA-4F82-9D89-7277A70177CE.png 477w, https:\/\/radiostargjilan.com\/web\/wp-content\/uploads\/2018\/11\/C69A9F65-6BDA-4F82-9D89-7277A70177CE-300x244.png 300w\" sizes=\"auto, (max-width: 477px) 100vw, 477px\" \/><\/a><\/p>\n","protected":false},"excerpt":{"rendered":"<p>Nd\u00ebrtimi i urave t\u00eb betonit nga ekspertet q\u00eb punuan n\u00eb disa vende t\u00eb bot\u00ebs n\u00eb k\u00ebt\u00eb l\u00ebmi, njihet si objekte t\u00eb bukura arkitektonike, statike dhe specifike. Kjo vep\u00ebr e rrall\u00eb p\u00ebr Ballkanin dhe shtetin ton\u00eb, a thua kemi pas nevoj\u00eb p\u00ebr k\u00ebt\u00eb lloj ure n\u00eb k\u00ebt\u00eb moment kur nd\u00ebrtimi i urave t\u00eb k\u00ebtyre gjat\u00ebsive n\u00eb [&hellip;]<\/p>\n","protected":false},"author":1,"featured_media":27830,"comment_status":"closed","ping_status":"closed","sticky":false,"template":"","format":"standard","meta":{"footnotes":""},"categories":[5],"tags":[],"class_list":{"0":"post-27825","1":"post","2":"type-post","3":"status-publish","4":"format-standard","5":"has-post-thumbnail","7":"category-lajme"},"_links":{"self":[{"href":"https:\/\/radiostargjilan.com\/web\/wp-json\/wp\/v2\/posts\/27825","targetHints":{"allow":["GET"]}}],"collection":[{"href":"https:\/\/radiostargjilan.com\/web\/wp-json\/wp\/v2\/posts"}],"about":[{"href":"https:\/\/radiostargjilan.com\/web\/wp-json\/wp\/v2\/types\/post"}],"author":[{"embeddable":true,"href":"https:\/\/radiostargjilan.com\/web\/wp-json\/wp\/v2\/users\/1"}],"replies":[{"embeddable":true,"href":"https:\/\/radiostargjilan.com\/web\/wp-json\/wp\/v2\/comments?post=27825"}],"version-history":[{"count":0,"href":"https:\/\/radiostargjilan.com\/web\/wp-json\/wp\/v2\/posts\/27825\/revisions"}],"wp:featuredmedia":[{"embeddable":true,"href":"https:\/\/radiostargjilan.com\/web\/wp-json\/wp\/v2\/media\/27830"}],"wp:attachment":[{"href":"https:\/\/radiostargjilan.com\/web\/wp-json\/wp\/v2\/media?parent=27825"}],"wp:term":[{"taxonomy":"category","embeddable":true,"href":"https:\/\/radiostargjilan.com\/web\/wp-json\/wp\/v2\/categories?post=27825"},{"taxonomy":"post_tag","embeddable":true,"href":"https:\/\/radiostargjilan.com\/web\/wp-json\/wp\/v2\/tags?post=27825"}],"curies":[{"name":"wp","href":"https:\/\/api.w.org\/{rel}","templated":true}]}}