{"id":28014,"date":"2018-11-09T08:11:59","date_gmt":"2018-11-09T08:11:59","guid":{"rendered":"http:\/\/radiostargjilan.com\/web\/?p=28014"},"modified":"2018-11-09T08:11:59","modified_gmt":"2018-11-09T08:11:59","slug":"hetohet-kompania-qe-ofronte-2-mije-vende-pune-ne-gjermani","status":"publish","type":"post","link":"https:\/\/radiostargjilan.com\/web\/hetohet-kompania-qe-ofronte-2-mije-vende-pune-ne-gjermani\/","title":{"rendered":"Hetohet kompania q\u00eb ofronte 2 mij\u00eb vende pune n\u00eb Gjermani"},"content":{"rendered":"<p>Prokuroria e Prizrenit ka nisur hetimet ndaj kompanis\u00eb gjermane \u201cO.B.M Aviation\u201d, e cila dit\u00eb m\u00eb par\u00eb ka pasur takime t\u00eb shumta me t\u00eb rinj n\u00eb Prizren dhe Prishtin\u00eb, duke pretenduar se ofron 2.000 vende pune n\u00eb Gjermani.<\/p>\n<p>Lajmin p\u00ebr fillimin e hetimeve e ka konfirmuar p\u00ebr Kallxo.com zyrtarja p\u00ebr informim n\u00eb Prokurorin\u00eb Themelore n\u00eb Prizren, Fitore Mehmeti.<\/p>\n<p>Ajo tha se Prokuroria n\u00eb Prizren po heton n\u00ebse kjo kompani ka kryer ose po kryen vep\u00ebr penale.<\/p>\n<p>\u201cDuke u bazuar n\u00eb k\u00ebrkes\u00ebn dhe n\u00eb pyetjet tuaja, lidhur me kompanin\u00eb B.S.B. \u201cAviation \u201c, e cila ka ardhur n\u00eb Kosov\u00eb dhe u jep qytetar\u00ebve mund\u00ebsi p\u00ebr pun\u00ebsim n\u00eb kompanin\u00eb O.B.M \u201cAviation\u201d n\u00eb Gjermani, Prokuroria Themelore n\u00eb Prizren ju b\u00ebn\u00eb me dije se \u00ebsht\u00eb duke nd\u00ebrmarr\u00eb veprime ligjore p\u00ebr t\u00eb siguruar provat dhe informacionet e nevojshme, n\u00ebse \u00ebsht\u00eb kryer apo po kryhet ndonj\u00eb vep\u00ebr penale e cila ndiqet sipas detyr\u00ebs zyrtare\u201d.<\/p>\n<p>Kompania \u201cB.S.B Aviation\u201d takimet me t\u00eb interesuarit i ka zhvilluar pa pasur ende nj\u00eb licenc\u00eb nga Ministria e Pun\u00ebs dhe Mir\u00ebqenies Sociale.<\/p>\n<p>P\u00ebr k\u00ebt\u00eb ka njoftuar vet\u00eb kompania p\u00ebrs\u00ebri p\u00ebrmes nj\u00eb publikimi n\u00eb Facebook.<\/p>\n<p>Kompania ka shkruar se ende nuk ka licenc\u00eb pune nga Ministria e Pun\u00ebs dhe Mir\u00ebqenies Sociale dhe se do t\u00eb jap\u00eb njoftim posa ta marrin.<\/p>\n<p>\u201cNe B.S.B Aviation ju njoftojm\u00eb q\u00eb jemi n\u00eb pritje t\u00eb licencimit p\u00ebr pun\u00eb nga Ministria e Pun\u00ebs dhe Mir\u00ebqenies Sociale.<\/p>\n<p>Zyra e cila ndodh\u00ebt ne Prizren, do t\u00eb hapet pas konfirmimit dhe p\u00ebrshtatjes s\u00eb ligjeve t\u00eb Republik\u00ebs s\u00eb Kosov\u00ebs. Posa t\u00eb marrim vendimin e licencimit do t\u00eb njoftoheni nga ne.<\/p>\n<p>Gjithashtu ju njoftojm\u00eb se faqja B.S.B Aviation n\u00eb Facebook \u00ebsht\u00eb burimi i vet\u00ebm i sakt\u00eb i t\u00eb gjitha informacioneve q\u00eb kan\u00eb t\u00eb b\u00ebjn\u00eb me B.S.B Aviation\u201d, thuhet n\u00eb njoftimin e kompanis\u00eb.<\/p>\n<p>Kjo kompani ofronte vende pune profesionale, kryesisht infermier\u00eb, shofer\u00eb kamioni dhe pun\u00ebtor\u00eb n\u00eb aeroport n\u00eb bagazh, pastrues dhe pun\u00eb t\u00eb tjera, por q\u00eb aplikuesit duhet ta ken\u00eb nj\u00eb diplom\u00eb q\u00eb konfirmon p\u00ebrgatitjen profesionale, p\u00ebr drejtimin q\u00eb ata aplikojn\u00eb.<\/p>\n<p>Aplikimet p\u00ebr k\u00ebto vende pune do t\u00eb hapeshin me 5 n\u00ebntor n\u00eb zyr\u00ebn e kompanis\u00eb n\u00eb Prizren q\u00eb e ka p\u00ebrfaq\u00ebsin\u00eb p\u00ebr Kosov\u00eb.<\/p>\n<p>Por, kjo gj\u00eb nuk ndodhi.<\/p>\n<p>N\u00eb k\u00ebt\u00eb dat\u00eb nuk u hap\u00ebn aplikimet p\u00ebr 2 mij\u00eb vendet e pun\u00ebs t\u00eb ofruara nga kjo kompani.<\/p>\n<p>K\u00ebshtu kishte njoftuar edhe kompania p\u00ebrfaq\u00ebsuese n\u00eb Kosov\u00eb, \u201cB.S.B Aviation\u201d n\u00eb rrjetin social \u201cFacebook\u201d.<\/p>\n<p>\u201cZyrja nuk do t\u00eb hap\u00ebt sot me dat\u00ebn 05.11.2018. Gjitha informatat e nevojshme rreth procedur\u00ebs s\u00eb aplikimit dhe mund\u00ebsive t\u00eb cilat ne mund ti ofrojm\u00eb, do t\u00eb publikohen nd\u00ebrkoh\u00eb.<\/p>\n<p>Mir\u00ebpresim durimin dhe mir\u00ebkuptimin tuaj! Me tmira\u201d, kishte shkruar kompania pa ndonj\u00eb arsye t\u00eb anulimit t\u00eb hapjes s\u00eb aplikimeve.<\/p>\n","protected":false},"excerpt":{"rendered":"<p>Prokuroria e Prizrenit ka nisur hetimet ndaj kompanis\u00eb gjermane \u201cO.B.M Aviation\u201d, e cila dit\u00eb m\u00eb par\u00eb ka pasur takime t\u00eb shumta me t\u00eb rinj n\u00eb Prizren dhe Prishtin\u00eb, duke pretenduar se ofron 2.000 vende pune n\u00eb Gjermani. Lajmin p\u00ebr fillimin e hetimeve e ka konfirmuar p\u00ebr Kallxo.com zyrtarja p\u00ebr informim n\u00eb Prokurorin\u00eb Themelore n\u00eb Prizren, [&hellip;]<\/p>\n","protected":false},"author":1,"featured_media":27367,"comment_status":"closed","ping_status":"closed","sticky":false,"template":"","format":"standard","meta":{"footnotes":""},"categories":[5],"tags":[],"class_list":{"0":"post-28014","1":"post","2":"type-post","3":"status-publish","4":"format-standard","5":"has-post-thumbnail","7":"category-lajme"},"_links":{"self":[{"href":"https:\/\/radiostargjilan.com\/web\/wp-json\/wp\/v2\/posts\/28014","targetHints":{"allow":["GET"]}}],"collection":[{"href":"https:\/\/radiostargjilan.com\/web\/wp-json\/wp\/v2\/posts"}],"about":[{"href":"https:\/\/radiostargjilan.com\/web\/wp-json\/wp\/v2\/types\/post"}],"author":[{"embeddable":true,"href":"https:\/\/radiostargjilan.com\/web\/wp-json\/wp\/v2\/users\/1"}],"replies":[{"embeddable":true,"href":"https:\/\/radiostargjilan.com\/web\/wp-json\/wp\/v2\/comments?post=28014"}],"version-history":[{"count":0,"href":"https:\/\/radiostargjilan.com\/web\/wp-json\/wp\/v2\/posts\/28014\/revisions"}],"wp:featuredmedia":[{"embeddable":true,"href":"https:\/\/radiostargjilan.com\/web\/wp-json\/wp\/v2\/media\/27367"}],"wp:attachment":[{"href":"https:\/\/radiostargjilan.com\/web\/wp-json\/wp\/v2\/media?parent=28014"}],"wp:term":[{"taxonomy":"category","embeddable":true,"href":"https:\/\/radiostargjilan.com\/web\/wp-json\/wp\/v2\/categories?post=28014"},{"taxonomy":"post_tag","embeddable":true,"href":"https:\/\/radiostargjilan.com\/web\/wp-json\/wp\/v2\/tags?post=28014"}],"curies":[{"name":"wp","href":"https:\/\/api.w.org\/{rel}","templated":true}]}}