{"id":28016,"date":"2018-11-09T08:17:51","date_gmt":"2018-11-09T08:17:51","guid":{"rendered":"http:\/\/radiostargjilan.com\/web\/?p=28016"},"modified":"2018-11-09T08:17:51","modified_gmt":"2018-11-09T08:17:51","slug":"serbia-kushtezon-vazhdimin-e-dialogut-me-terheqjen-e-takses-per-mallrat-serbe-ne-kosove","status":"publish","type":"post","link":"https:\/\/radiostargjilan.com\/web\/serbia-kushtezon-vazhdimin-e-dialogut-me-terheqjen-e-takses-per-mallrat-serbe-ne-kosove\/","title":{"rendered":"Serbia kusht\u00ebzon vazhdimin e dialogut me t\u00ebrheqjen e taks\u00ebs p\u00ebr mallrat serbe n\u00eb Kosov\u00eb"},"content":{"rendered":"<p>Takimi mes presidentit t\u00eb Kosov\u00ebs, Hashim Tha\u00e7i, dhe atij t\u00eb Serbis\u00eb, Aleksandar Vu\u00e7iq, ndodhi n\u00eb Bruksel t\u00eb enjten mbr\u00ebma, edhe pse kishte spekulime se mund t\u00eb mos vinte deri tek ai takim p\u00ebr shkak t\u00eb acarimit t\u00eb Serbis\u00eb me vendimin e Qeveris\u00eb s\u00eb Kosov\u00ebs p\u00ebr t\u00eb vendosur taksa p\u00ebr mallrat q\u00eb importohen nga Serbia.<\/p>\n<p>Por edhe pse ndodhi, takimi ishte m\u00eb i shkurt\u00ebr sesa q\u00eb pritej, shkruan sot Koha Ditore.<\/p>\n<p>Si zakonisht, leht\u00ebsuesja e dialogut, p\u00ebrfaq\u00ebsuesja e lart\u00eb e BE-s\u00eb, Federica Mogherini, s\u00eb pari pati takime dypal\u00ebshe, fillimisht me presidentin e Kosov\u00ebs e pastaj me at\u00eb t\u00eb Serbis\u00eb, p\u00ebr t\u00eb vazhduar n\u00eb nj\u00eb takim jo edhe aq t\u00eb gjat\u00eb me t\u00eb dy president\u00ebt s\u00eb bashku.<\/p>\n<p>Por pas takimit t\u00eb t\u00eb dy president\u00ebve, Vu\u00e7iqi tha se vazhdimi i dialogut varet nga \u201cpala shqiptare\u201d, e cila \u201cnuk po zbaton asnj\u00eb marr\u00ebveshje q\u00eb ka n\u00ebnshkruar\u201d, duke kritikuar Kosov\u00ebn p\u00ebr shkelje t\u00eb Marr\u00ebveshjes p\u00ebr CEFTA me vendosjen e taks\u00ebs prej 10 p\u00ebr qind p\u00ebr mallrat q\u00eb importohen nga Serbia, si dhe p\u00ebr at\u00eb q\u00eb ai e quajti \u201ck\u00ebrc\u00ebnim ndaj serb\u00ebve t\u00eb veriut\u201d, duke menduar n\u00eb deklarat\u00ebn e kryeministrit Haradinaj p\u00ebr vendosjen e nj\u00eb togu t\u00eb ushtris\u00eb s\u00eb Kosov\u00ebs edhe n\u00eb veri.<\/p>\n","protected":false},"excerpt":{"rendered":"<p>Takimi mes presidentit t\u00eb Kosov\u00ebs, Hashim Tha\u00e7i, dhe atij t\u00eb Serbis\u00eb, Aleksandar Vu\u00e7iq, ndodhi n\u00eb Bruksel t\u00eb enjten mbr\u00ebma, edhe pse kishte spekulime se mund t\u00eb mos vinte deri tek ai takim p\u00ebr shkak t\u00eb acarimit t\u00eb Serbis\u00eb me vendimin e Qeveris\u00eb s\u00eb Kosov\u00ebs p\u00ebr t\u00eb vendosur taksa p\u00ebr mallrat q\u00eb importohen nga Serbia. Por [&hellip;]<\/p>\n","protected":false},"author":1,"featured_media":27819,"comment_status":"closed","ping_status":"closed","sticky":false,"template":"","format":"standard","meta":{"footnotes":""},"categories":[5],"tags":[],"class_list":{"0":"post-28016","1":"post","2":"type-post","3":"status-publish","4":"format-standard","5":"has-post-thumbnail","7":"category-lajme"},"_links":{"self":[{"href":"https:\/\/radiostargjilan.com\/web\/wp-json\/wp\/v2\/posts\/28016","targetHints":{"allow":["GET"]}}],"collection":[{"href":"https:\/\/radiostargjilan.com\/web\/wp-json\/wp\/v2\/posts"}],"about":[{"href":"https:\/\/radiostargjilan.com\/web\/wp-json\/wp\/v2\/types\/post"}],"author":[{"embeddable":true,"href":"https:\/\/radiostargjilan.com\/web\/wp-json\/wp\/v2\/users\/1"}],"replies":[{"embeddable":true,"href":"https:\/\/radiostargjilan.com\/web\/wp-json\/wp\/v2\/comments?post=28016"}],"version-history":[{"count":0,"href":"https:\/\/radiostargjilan.com\/web\/wp-json\/wp\/v2\/posts\/28016\/revisions"}],"wp:featuredmedia":[{"embeddable":true,"href":"https:\/\/radiostargjilan.com\/web\/wp-json\/wp\/v2\/media\/27819"}],"wp:attachment":[{"href":"https:\/\/radiostargjilan.com\/web\/wp-json\/wp\/v2\/media?parent=28016"}],"wp:term":[{"taxonomy":"category","embeddable":true,"href":"https:\/\/radiostargjilan.com\/web\/wp-json\/wp\/v2\/categories?post=28016"},{"taxonomy":"post_tag","embeddable":true,"href":"https:\/\/radiostargjilan.com\/web\/wp-json\/wp\/v2\/tags?post=28016"}],"curies":[{"name":"wp","href":"https:\/\/api.w.org\/{rel}","templated":true}]}}