{"id":29176,"date":"2018-11-25T11:10:04","date_gmt":"2018-11-25T11:10:04","guid":{"rendered":"http:\/\/radiostargjilan.com\/web\/?p=29176"},"modified":"2018-11-25T11:16:02","modified_gmt":"2018-11-25T11:16:02","slug":"qyteti-i-gjilanit-stoliset-me-flamuj-kuqezi-per-festat-e-nentorit","status":"publish","type":"post","link":"https:\/\/radiostargjilan.com\/web\/qyteti-i-gjilanit-stoliset-me-flamuj-kuqezi-per-festat-e-nentorit\/","title":{"rendered":"Qyteti i Gjilanit stoliset me flamuj kuqezi p\u00ebr festat e N\u00ebntorit"},"content":{"rendered":"<p>N\u00eb vigjilje t\u00eb fest\u00ebs s\u00eb 28 n\u00ebntorit, Komuna e Gjilanit ka stolisur qytetin me flamuj komb\u00ebtar\u00eb.<br \/>\n<a href=\"http:\/\/radiostargjilan.com\/web\/2018\/11\/25\/qyteti-i-gjilanit-stoliset-me-flamuj-kuqezi-per-festat-e-nentorit\/81667fb6-8be5-4991-9185-efdf8bbb081e\/\" rel=\"attachment wp-att-29177\"><img loading=\"lazy\" loading=\"lazy\" decoding=\"async\" src=\"http:\/\/radiostargjilan.com\/web\/wp-content\/uploads\/2018\/11\/81667FB6-8BE5-4991-9185-EFDF8BBB081E.jpeg\" alt=\"\" width=\"4032\" height=\"3024\" class=\"aligncenter size-full wp-image-29177\" \/><\/a><\/p>\n<p><a href=\"http:\/\/radiostargjilan.com\/web\/2018\/11\/25\/qyteti-i-gjilanit-stoliset-me-flamuj-kuqezi-per-festat-e-nentorit\/c0b31730-79f5-4557-80ea-e4a4471af376\/\" rel=\"attachment wp-att-29178\"><img loading=\"lazy\" loading=\"lazy\" decoding=\"async\" src=\"http:\/\/radiostargjilan.com\/web\/wp-content\/uploads\/2018\/11\/C0B31730-79F5-4557-80EA-E4A4471AF376.jpeg\" alt=\"\" width=\"4032\" height=\"3024\" class=\"aligncenter size-full wp-image-29178\" \/><\/a><\/p>\n<p><a href=\"http:\/\/radiostargjilan.com\/web\/2018\/11\/25\/qyteti-i-gjilanit-stoliset-me-flamuj-kuqezi-per-festat-e-nentorit\/1c317d4f-bda2-4cfb-bfb4-0df06da70761\/\" rel=\"attachment wp-att-29179\"><img loading=\"lazy\" loading=\"lazy\" decoding=\"async\" src=\"http:\/\/radiostargjilan.com\/web\/wp-content\/uploads\/2018\/11\/1C317D4F-BDA2-4CFB-BFB4-0DF06DA70761.jpeg\" alt=\"\" width=\"4032\" height=\"3024\" class=\"aligncenter size-full wp-image-29179\" \/><\/a><\/p>\n<p><a href=\"http:\/\/radiostargjilan.com\/web\/2018\/11\/25\/qyteti-i-gjilanit-stoliset-me-flamuj-kuqezi-per-festat-e-nentorit\/5f16e33d-dfb6-4c99-b017-66e0ab1d1dee\/\" rel=\"attachment wp-att-29180\"><img loading=\"lazy\" loading=\"lazy\" decoding=\"async\" src=\"http:\/\/radiostargjilan.com\/web\/wp-content\/uploads\/2018\/11\/5F16E33D-DFB6-4C99-B017-66E0AB1D1DEE.jpeg\" alt=\"\" width=\"4032\" height=\"3024\" class=\"aligncenter size-full wp-image-29180\" \/><\/a><\/p>\n<p><a href=\"http:\/\/radiostargjilan.com\/web\/2018\/11\/25\/qyteti-i-gjilanit-stoliset-me-flamuj-kuqezi-per-festat-e-nentorit\/3ddb9028-12a9-4a1e-993c-47bd0ebaaae1\/\" rel=\"attachment wp-att-29181\"><img loading=\"lazy\" loading=\"lazy\" decoding=\"async\" src=\"http:\/\/radiostargjilan.com\/web\/wp-content\/uploads\/2018\/11\/3DDB9028-12A9-4A1E-993C-47BD0EBAAAE1.jpeg\" alt=\"\" width=\"4032\" height=\"3024\" class=\"aligncenter size-full wp-image-29181\" \/><\/a><br \/>\nKalendari i aktiviteteve per nder te 550 vjetorit te Gjergj Kastrioti &#8211; Skenderbeu dhe Dites se Flamurit i organizuar nga Komuna e Gjilanit.<br \/>\n<a href=\"http:\/\/radiostargjilan.com\/web\/2018\/11\/25\/qyteti-i-gjilanit-stoliset-me-flamuj-kuqezi-per-festat-e-nentorit\/4e5eb2c5-ddc2-4208-88c4-f8bdf5736c61\/\" rel=\"attachment wp-att-29182\"><img loading=\"lazy\" loading=\"lazy\" decoding=\"async\" src=\"http:\/\/radiostargjilan.com\/web\/wp-content\/uploads\/2018\/11\/4E5EB2C5-DDC2-4208-88C4-F8BDF5736C61.jpeg\" alt=\"\" width=\"512\" height=\"243\" class=\"aligncenter size-full wp-image-29182\" srcset=\"https:\/\/radiostargjilan.com\/web\/wp-content\/uploads\/2018\/11\/4E5EB2C5-DDC2-4208-88C4-F8BDF5736C61.jpeg 512w, https:\/\/radiostargjilan.com\/web\/wp-content\/uploads\/2018\/11\/4E5EB2C5-DDC2-4208-88C4-F8BDF5736C61-300x142.jpeg 300w\" sizes=\"auto, (max-width: 512px) 100vw, 512px\" \/><\/a><\/p>\n","protected":false},"excerpt":{"rendered":"<p>N\u00eb vigjilje t\u00eb fest\u00ebs s\u00eb 28 n\u00ebntorit, Komuna e Gjilanit ka stolisur qytetin me flamuj komb\u00ebtar\u00eb. Kalendari i aktiviteteve per nder te 550 vjetorit te Gjergj Kastrioti &#8211; Skenderbeu dhe Dites se Flamurit i organizuar nga Komuna e Gjilanit.<\/p>\n","protected":false},"author":1,"featured_media":29179,"comment_status":"closed","ping_status":"closed","sticky":false,"template":"","format":"standard","meta":{"footnotes":""},"categories":[5],"tags":[],"class_list":{"0":"post-29176","1":"post","2":"type-post","3":"status-publish","4":"format-standard","5":"has-post-thumbnail","7":"category-lajme"},"_links":{"self":[{"href":"https:\/\/radiostargjilan.com\/web\/wp-json\/wp\/v2\/posts\/29176","targetHints":{"allow":["GET"]}}],"collection":[{"href":"https:\/\/radiostargjilan.com\/web\/wp-json\/wp\/v2\/posts"}],"about":[{"href":"https:\/\/radiostargjilan.com\/web\/wp-json\/wp\/v2\/types\/post"}],"author":[{"embeddable":true,"href":"https:\/\/radiostargjilan.com\/web\/wp-json\/wp\/v2\/users\/1"}],"replies":[{"embeddable":true,"href":"https:\/\/radiostargjilan.com\/web\/wp-json\/wp\/v2\/comments?post=29176"}],"version-history":[{"count":0,"href":"https:\/\/radiostargjilan.com\/web\/wp-json\/wp\/v2\/posts\/29176\/revisions"}],"wp:featuredmedia":[{"embeddable":true,"href":"https:\/\/radiostargjilan.com\/web\/wp-json\/wp\/v2\/media\/29179"}],"wp:attachment":[{"href":"https:\/\/radiostargjilan.com\/web\/wp-json\/wp\/v2\/media?parent=29176"}],"wp:term":[{"taxonomy":"category","embeddable":true,"href":"https:\/\/radiostargjilan.com\/web\/wp-json\/wp\/v2\/categories?post=29176"},{"taxonomy":"post_tag","embeddable":true,"href":"https:\/\/radiostargjilan.com\/web\/wp-json\/wp\/v2\/tags?post=29176"}],"curies":[{"name":"wp","href":"https:\/\/api.w.org\/{rel}","templated":true}]}}