{"id":29293,"date":"2018-11-26T17:51:16","date_gmt":"2018-11-26T17:51:16","guid":{"rendered":"http:\/\/radiostargjilan.com\/web\/?p=29293"},"modified":"2018-11-26T17:51:16","modified_gmt":"2018-11-26T17:51:16","slug":"ne-gjilan-promovohet-i-libri-idriz-seferi-nje-jete-per-shqiperi","status":"publish","type":"post","link":"https:\/\/radiostargjilan.com\/web\/ne-gjilan-promovohet-i-libri-idriz-seferi-nje-jete-per-shqiperi\/","title":{"rendered":"N\u00eb Gjilan promovohet i libri \u201cIdriz Seferi nj\u00eb jet\u00eb p\u00ebr Shqip\u00ebri\u201d"},"content":{"rendered":"<p>N\u00eb Gjilan sot \u00ebsht\u00eb b\u00ebr\u00eb promovimi i librit \u201cIdriz Seferi, nj\u00eb jet\u00eb p\u00ebr Shqip\u00ebri\u201d i cili \u00ebsht\u00eb monografi e p\u00ebrgatitur nga punimet shkencore t\u00eb 20 studiuesve dhe pun\u00ebtor\u00ebve shkencor t\u00eb historis\u00eb, q\u00eb \u00ebsht\u00eb mb\u00ebshtetur nga kryetari i Komun\u00ebs dhe \u00ebsht\u00eb p\u00ebrgatitur nga Lidhja e Historian\u00ebve t\u00eb Kosov\u00ebs \u201cAli Hadri\u201d nga Gjilani.<\/p>\n<p>Kryetari i Komun\u00ebs s\u00eb Gjilanit, Lutfi Haziri, ka th\u00ebn\u00eb se figura e Idriz Seferit \u00ebsht\u00eb nj\u00eb mburoj\u00eb gjigante e liris\u00eb s\u00eb shqiptar\u00ebve dhe em\u00ebr q\u00eb na obligon t\u00eb punohet m\u00eb shum\u00eb q\u00eb ideali i shqiptar\u00ebve t\u00eb jet\u00eb sipas projeksionit q\u00eb heronjt\u00eb dhe t\u00eb r\u00ebn\u00ebve nd\u00ebr breza.<\/p>\n<p>\u201cGjilani ka tashm\u00eb shtatoren e kolosit t\u00eb madh t\u00eb Idriz Seferit n\u00eb qend\u00ebr t\u00eb qytetit, i cili \u00ebsht\u00eb nj\u00eb mburoj\u00eb e fuqishme e liris\u00eb s\u00eb shqiptar\u00ebve. I vendosur me pamje kah lindja na l\u00eb t\u00eb kuptojm\u00eb se \u00ebsht\u00eb koha q\u00eb vazhdimisht t\u00eb punojm\u00eb p\u00ebr lirin\u00eb e shqiptar\u00ebve kudo q\u00eb jan\u00eb dhe bashkimin e tyre n\u00eb nj\u00eb shtet t\u00eb vet\u00ebm. Kemi dy shtete t\u00eb shqiptar\u00ebve n\u00eb Ballkan, por poaq jasht\u00eb k\u00ebtij territori. Amaneti i d\u00ebshmor\u00ebve dhe heronj\u00ebve ishte p\u00ebr bashkimin e trojeve dhe duhet t\u00eb gjith\u00eb shqiptar\u00ebt t\u00eb bashkohen p\u00ebr realizimin e k\u00ebtij amaneti\u201d, ka th\u00ebn\u00eb kryetari Haziri.<\/p>\n<p>Ai m\u00eb tej ka potencuar se edhe kjo fest\u00eb e Flamurit Komb\u00ebtar po i gjen\u00eb shqiptar\u00ebt t\u00eb ndar\u00eb padrejt\u00ebsisht n\u00eb shum\u00eb pjes\u00eb.<\/p>\n<p>\u201cEdhe ky n\u00ebntor shqiptar\u00ebt i gjen\u00eb t\u00eb ndar\u00eb n\u00eb shum\u00eb territore dhe n\u00eb dy shtete. Sot me shum\u00eb v\u00ebshtir\u00ebsi mund t\u00eb shkohet n\u00eb vendlindjen e Isa Boletinit, kurse p\u00ebr vendlindjen e t\u00eb par\u00ebve t\u00eb Idriz Seferit pothuajse \u00ebsht\u00eb e pamundur t\u00eb vizitohet. \u00cbsht\u00eb koha q\u00eb Prishtina, Tirana dhe fqinjt\u00eb tan\u00eb, ta kuptojn\u00eb se bashkimi i shqiptar\u00ebve ask\u00ebnd nuk e pengon dhe bashkimi \u00ebsht\u00eb i natyrsh\u00ebm herdo kur\u201d, ka th\u00ebn\u00eb ai.<\/p>\n<p>Kurse, Fehmi Rexhepi, kryetar i Lidhjes s\u00eb Historian\u00ebve t\u00eb Kosov\u00ebs \u201cAli Hadri\u201d, ka th\u00ebn\u00eb se libri \u00ebsht\u00eb me nj\u00eb p\u00ebrmbajtje tr\u00eb ve\u00e7ant\u00eb t\u00eb jet\u00ebs, pun\u00ebs, luft\u00ebs dhe angazhimit t\u00eb madh q\u00eb ka dh\u00ebn\u00eb Idriz Seferi deri n\u00eb vdekje.<\/p>\n<p>E Naim Musliu, kryetar LHK \u201cAli Hadri\u201d n\u00eb Gjilan, ka th\u00ebn\u00eb se ky lib\u00ebr ka ardhur deri n\u00eb dokumentim t\u00eb tij pas simpoziumit shkencor t\u00eb mbajtur n\u00eb marsin e vitit 2017, ku punimet shkencore t\u00eb lexuara n\u00eb k\u00ebt\u00eb event, sot jan\u00eb t\u00eb botuara n\u00eb k\u00ebt\u00eb lib\u00ebr, i cili \u00ebsht\u00eb mund\u00ebsuar t\u00eb shqypet me mb\u00ebshtetjen financiare t\u00eb Komun\u00ebs s\u00eb Gjilanit.<\/p>\n<p>Me referimet e tyre jan\u00eb paraqitur edhe Nexhmedin Sejdiu dhe Blerim Haziri, t\u00eb cil\u00ebt kan\u00eb p\u00ebrmbledhur aspektin shkencor, profesional dhe p\u00ebrmbajt\u00ebsor t\u00eb librit q\u00eb sot \u00ebsht\u00eb promovuar n\u00eb kuad\u00ebr t\u00eb fest\u00ebs s\u00eb flamurit komb\u00ebtar.<\/p>\n","protected":false},"excerpt":{"rendered":"<p>N\u00eb Gjilan sot \u00ebsht\u00eb b\u00ebr\u00eb promovimi i librit \u201cIdriz Seferi, nj\u00eb jet\u00eb p\u00ebr Shqip\u00ebri\u201d i cili \u00ebsht\u00eb monografi e p\u00ebrgatitur nga punimet shkencore t\u00eb 20 studiuesve dhe pun\u00ebtor\u00ebve shkencor t\u00eb historis\u00eb, q\u00eb \u00ebsht\u00eb mb\u00ebshtetur nga kryetari i Komun\u00ebs dhe \u00ebsht\u00eb p\u00ebrgatitur nga Lidhja e Historian\u00ebve t\u00eb Kosov\u00ebs \u201cAli Hadri\u201d nga Gjilani. Kryetari i Komun\u00ebs s\u00eb [&hellip;]<\/p>\n","protected":false},"author":1,"featured_media":29294,"comment_status":"closed","ping_status":"closed","sticky":false,"template":"","format":"standard","meta":{"footnotes":""},"categories":[5],"tags":[],"class_list":{"0":"post-29293","1":"post","2":"type-post","3":"status-publish","4":"format-standard","5":"has-post-thumbnail","7":"category-lajme"},"_links":{"self":[{"href":"https:\/\/radiostargjilan.com\/web\/wp-json\/wp\/v2\/posts\/29293","targetHints":{"allow":["GET"]}}],"collection":[{"href":"https:\/\/radiostargjilan.com\/web\/wp-json\/wp\/v2\/posts"}],"about":[{"href":"https:\/\/radiostargjilan.com\/web\/wp-json\/wp\/v2\/types\/post"}],"author":[{"embeddable":true,"href":"https:\/\/radiostargjilan.com\/web\/wp-json\/wp\/v2\/users\/1"}],"replies":[{"embeddable":true,"href":"https:\/\/radiostargjilan.com\/web\/wp-json\/wp\/v2\/comments?post=29293"}],"version-history":[{"count":0,"href":"https:\/\/radiostargjilan.com\/web\/wp-json\/wp\/v2\/posts\/29293\/revisions"}],"wp:featuredmedia":[{"embeddable":true,"href":"https:\/\/radiostargjilan.com\/web\/wp-json\/wp\/v2\/media\/29294"}],"wp:attachment":[{"href":"https:\/\/radiostargjilan.com\/web\/wp-json\/wp\/v2\/media?parent=29293"}],"wp:term":[{"taxonomy":"category","embeddable":true,"href":"https:\/\/radiostargjilan.com\/web\/wp-json\/wp\/v2\/categories?post=29293"},{"taxonomy":"post_tag","embeddable":true,"href":"https:\/\/radiostargjilan.com\/web\/wp-json\/wp\/v2\/tags?post=29293"}],"curies":[{"name":"wp","href":"https:\/\/api.w.org\/{rel}","templated":true}]}}