{"id":29314,"date":"2018-11-27T09:48:27","date_gmt":"2018-11-27T09:48:27","guid":{"rendered":"http:\/\/radiostargjilan.com\/web\/?p=29314"},"modified":"2018-11-27T09:48:27","modified_gmt":"2018-11-27T09:48:27","slug":"pas-vendosjes-se-takses-100-vetem-dy-mauna-me-mallra-nga-serbia-dhe-bosnja-kane-hyre-ne-kosove","status":"publish","type":"post","link":"https:\/\/radiostargjilan.com\/web\/pas-vendosjes-se-takses-100-vetem-dy-mauna-me-mallra-nga-serbia-dhe-bosnja-kane-hyre-ne-kosove\/","title":{"rendered":"Pas vendosjes s\u00eb taks\u00ebs 100%, vet\u00ebm dy mauna me mallra nga Serbia dhe Bosnja kan\u00eb hyr\u00eb n\u00eb Kosov\u00eb"},"content":{"rendered":"<p>Vet\u00ebm dy mauna me mallra nga Serbia dhe Bosnj\u00eb-Hercegovina kan\u00eb hyr\u00eb n\u00eb Kosov\u00eb pas vendosjes s\u00eb taks\u00ebs prej 100 p\u00ebr qind nga ana e Qeveris\u00eb s\u00eb Kosov\u00ebs, gjasht\u00eb dit\u00eb m\u00eb par\u00eb, p\u00ebr produktet q\u00eb kan\u00eb origjin\u00eb nga k\u00ebto dy shtete.<\/p>\n<p>K\u00ebto dy mauna t\u00eb ngarkuara me l\u00ebnd\u00eb t\u00eb par\u00eb, nj\u00ebra nga Serbia e tjetra nga Bosnj\u00eb-Hercegovina kan\u00eb hyr\u00eb n\u00eb Kosov\u00eb vet\u00ebm pasi kan\u00eb paguar taks\u00ebn.<\/p>\n<p>K\u00ebt\u00eb e ka b\u00ebr\u00eb t\u00eb ditur z\u00ebdh\u00ebn\u00ebsi i Dogan\u00ebs s\u00eb Kosov\u00ebs, Adriatik Stavileci, i cili ka pohuar se fluksi i maunave nga k\u00ebto dy shtete ka r\u00ebn\u00eb n\u00eb zero pas taks\u00ebs s\u00eb vendosur.<\/p>\n<p>\u201cPas vendosjes s\u00eb taks\u00ebs nga Qeveria, vet\u00ebm t\u00eb shtun\u00ebn kan\u00eb hyr\u00eb dy mauna nj\u00ebra nga Serbia e tjetra nga Bosnj\u00eb-Hercegovina\u201d, ka pohuar Stavileci.<\/p>\n<p>I ashtuquajturi shtab i kriz\u00ebs, i krijuar n\u00eb kat\u00ebr komunat veriore t\u00eb Kosov\u00ebs, t\u00eb h\u00ebn\u00ebn ka marr\u00eb vendim q\u00eb serb\u00ebt e k\u00ebtij rajoni t\u00eb dalin s\u00ebrish n\u00eb protest\u00eb t\u00eb mart\u00ebn. Protesta, sipas tij, mbahet n\u00eb shenj\u00eb kund\u00ebrshtimi ndaj ngritjes 100 p\u00ebr qind t\u00eb taks\u00ebs p\u00ebr mallrat e Serbis\u00eb q\u00eb hyjn\u00eb n\u00eb Kosov\u00eb.<\/p>\n","protected":false},"excerpt":{"rendered":"<p>Vet\u00ebm dy mauna me mallra nga Serbia dhe Bosnj\u00eb-Hercegovina kan\u00eb hyr\u00eb n\u00eb Kosov\u00eb pas vendosjes s\u00eb taks\u00ebs prej 100 p\u00ebr qind nga ana e Qeveris\u00eb s\u00eb Kosov\u00ebs, gjasht\u00eb dit\u00eb m\u00eb par\u00eb, p\u00ebr produktet q\u00eb kan\u00eb origjin\u00eb nga k\u00ebto dy shtete. K\u00ebto dy mauna t\u00eb ngarkuara me l\u00ebnd\u00eb t\u00eb par\u00eb, nj\u00ebra nga Serbia e tjetra nga [&hellip;]<\/p>\n","protected":false},"author":1,"featured_media":27819,"comment_status":"closed","ping_status":"closed","sticky":false,"template":"","format":"standard","meta":{"footnotes":""},"categories":[5],"tags":[],"class_list":{"0":"post-29314","1":"post","2":"type-post","3":"status-publish","4":"format-standard","5":"has-post-thumbnail","7":"category-lajme"},"_links":{"self":[{"href":"https:\/\/radiostargjilan.com\/web\/wp-json\/wp\/v2\/posts\/29314","targetHints":{"allow":["GET"]}}],"collection":[{"href":"https:\/\/radiostargjilan.com\/web\/wp-json\/wp\/v2\/posts"}],"about":[{"href":"https:\/\/radiostargjilan.com\/web\/wp-json\/wp\/v2\/types\/post"}],"author":[{"embeddable":true,"href":"https:\/\/radiostargjilan.com\/web\/wp-json\/wp\/v2\/users\/1"}],"replies":[{"embeddable":true,"href":"https:\/\/radiostargjilan.com\/web\/wp-json\/wp\/v2\/comments?post=29314"}],"version-history":[{"count":0,"href":"https:\/\/radiostargjilan.com\/web\/wp-json\/wp\/v2\/posts\/29314\/revisions"}],"wp:featuredmedia":[{"embeddable":true,"href":"https:\/\/radiostargjilan.com\/web\/wp-json\/wp\/v2\/media\/27819"}],"wp:attachment":[{"href":"https:\/\/radiostargjilan.com\/web\/wp-json\/wp\/v2\/media?parent=29314"}],"wp:term":[{"taxonomy":"category","embeddable":true,"href":"https:\/\/radiostargjilan.com\/web\/wp-json\/wp\/v2\/categories?post=29314"},{"taxonomy":"post_tag","embeddable":true,"href":"https:\/\/radiostargjilan.com\/web\/wp-json\/wp\/v2\/tags?post=29314"}],"curies":[{"name":"wp","href":"https:\/\/api.w.org\/{rel}","templated":true}]}}