{"id":29403,"date":"2018-11-29T07:59:06","date_gmt":"2018-11-29T07:59:06","guid":{"rendered":"http:\/\/radiostargjilan.com\/web\/?p=29403"},"modified":"2018-11-29T07:59:06","modified_gmt":"2018-11-29T07:59:06","slug":"haziri-kunder-takses-100-ndaj-serbise","status":"publish","type":"post","link":"https:\/\/radiostargjilan.com\/web\/haziri-kunder-takses-100-ndaj-serbise\/","title":{"rendered":"Haziri kund\u00ebr taks\u00ebs 100% ndaj Serbis\u00eb"},"content":{"rendered":"<p>N\u00ebnkryetari i Lidhjes Demokratike t\u00eb Kosov\u00ebs, Lutfi Haziri, ka folur p\u00ebr vendimin e qeveris\u00eb s\u00eb Kosov\u00ebs p\u00ebr taks\u00eb 100 p\u00ebr qind ndaj Serbis\u00eb. Ai ka th\u00ebn\u00eb se vendosja e k\u00ebsaj takse \u00ebsht\u00eb e gabueshme.<\/p>\n<p>N\u00eb nj\u00eb intervist\u00eb tek \u201cDPT Te Fidani\u201d, Haziri ka th\u00ebn\u00eb se ndaj Serbis\u00eb duhet t\u00eb vendosen sanksione.<\/p>\n<p>\u201cDuhet t\u00eb b\u00ebhen sanksione. Nuk mund t\u00eb vendosen taksa 100 p\u00ebr qind. K\u00ebt\u00eb taks\u00eb duhet ta paguajn\u00eb qytetar\u00ebt e Kosov\u00ebs. Kjo taks\u00eb po na ngrit \u00e7mimet. Tash \u00ebsht\u00eb rritur buka e shum\u00eb artikuj t\u00eb tjer\u00eb\u201d.<\/p>\n<p>Kryetari i Gjilanit ka th\u00ebn\u00eb se nuk ka kuptim q\u00eb nj\u00eb shtet t\u00eb vendos taks\u00eb ndaj nj\u00eb shteti tjet\u00ebr.<\/p>\n<p>\u201cNuk ka sens q\u00eb t\u00eb ket\u00eb taks\u00eb 100 p\u00ebr qind ndaj nj\u00eb shteti. Duhet t\u00eb ket\u00eb sanksione. Duhet t\u00eb ndalohet shitja e artikujve dhe pik\u00eb. T\u00eb thuhet k\u00ebto artikuj nuk b\u00ebn t\u00eb shiten dhe u krye\u201d.<\/p>\n","protected":false},"excerpt":{"rendered":"<p>N\u00ebnkryetari i Lidhjes Demokratike t\u00eb Kosov\u00ebs, Lutfi Haziri, ka folur p\u00ebr vendimin e qeveris\u00eb s\u00eb Kosov\u00ebs p\u00ebr taks\u00eb 100 p\u00ebr qind ndaj Serbis\u00eb. Ai ka th\u00ebn\u00eb se vendosja e k\u00ebsaj takse \u00ebsht\u00eb e gabueshme. N\u00eb nj\u00eb intervist\u00eb tek \u201cDPT Te Fidani\u201d, Haziri ka th\u00ebn\u00eb se ndaj Serbis\u00eb duhet t\u00eb vendosen sanksione. \u201cDuhet t\u00eb b\u00ebhen sanksione. [&hellip;]<\/p>\n","protected":false},"author":1,"featured_media":29404,"comment_status":"closed","ping_status":"closed","sticky":false,"template":"","format":"standard","meta":{"footnotes":""},"categories":[5],"tags":[],"class_list":{"0":"post-29403","1":"post","2":"type-post","3":"status-publish","4":"format-standard","5":"has-post-thumbnail","7":"category-lajme"},"_links":{"self":[{"href":"https:\/\/radiostargjilan.com\/web\/wp-json\/wp\/v2\/posts\/29403","targetHints":{"allow":["GET"]}}],"collection":[{"href":"https:\/\/radiostargjilan.com\/web\/wp-json\/wp\/v2\/posts"}],"about":[{"href":"https:\/\/radiostargjilan.com\/web\/wp-json\/wp\/v2\/types\/post"}],"author":[{"embeddable":true,"href":"https:\/\/radiostargjilan.com\/web\/wp-json\/wp\/v2\/users\/1"}],"replies":[{"embeddable":true,"href":"https:\/\/radiostargjilan.com\/web\/wp-json\/wp\/v2\/comments?post=29403"}],"version-history":[{"count":0,"href":"https:\/\/radiostargjilan.com\/web\/wp-json\/wp\/v2\/posts\/29403\/revisions"}],"wp:featuredmedia":[{"embeddable":true,"href":"https:\/\/radiostargjilan.com\/web\/wp-json\/wp\/v2\/media\/29404"}],"wp:attachment":[{"href":"https:\/\/radiostargjilan.com\/web\/wp-json\/wp\/v2\/media?parent=29403"}],"wp:term":[{"taxonomy":"category","embeddable":true,"href":"https:\/\/radiostargjilan.com\/web\/wp-json\/wp\/v2\/categories?post=29403"},{"taxonomy":"post_tag","embeddable":true,"href":"https:\/\/radiostargjilan.com\/web\/wp-json\/wp\/v2\/tags?post=29403"}],"curies":[{"name":"wp","href":"https:\/\/api.w.org\/{rel}","templated":true}]}}