{"id":29540,"date":"2018-12-01T00:20:45","date_gmt":"2018-12-01T00:20:45","guid":{"rendered":"http:\/\/radiostargjilan.com\/web\/?p=29540"},"modified":"2018-12-01T00:20:45","modified_gmt":"2018-12-01T00:20:45","slug":"fatmir-limaj-kercenon-me-ndeshkim-ata-ne-kosove-qe-rrisin-cmimet","status":"publish","type":"post","link":"https:\/\/radiostargjilan.com\/web\/fatmir-limaj-kercenon-me-ndeshkim-ata-ne-kosove-qe-rrisin-cmimet\/","title":{"rendered":"Fatmir Limaj k\u00ebrc\u00ebnon me nd\u00ebshkim ata n\u00eb Kosov\u00eb q\u00eb rrisin \u00e7mimet"},"content":{"rendered":"<p>Z\u00ebvend\u00ebskryeministri i Kosov\u00ebs, Fatmir Limaj, ka th\u00ebn\u00eb se taksa ndaj Serbis\u00eb nuk do t\u00eb ket\u00eb efekt negativ mbi ekonomin\u00eb e Kosov\u00ebs.<\/p>\n<p>Limaj ka th\u00ebn\u00eb se taksa do t\u00eb ket\u00eb efekt mbi Serbin\u00eb dhe se ajo duhet t\u00eb m\u00ebsohet t\u00eb respektoj\u00eb Kosov\u00ebn, shkruan gazetametro.net<\/p>\n<p>Kjo do t\u00eb tregoj\u00eb nj\u00eb efekt t\u00eb jasht\u00ebzakonsh\u00ebm tek Serbia. Sjellja e tyre, ka b\u00ebr\u00eb q\u00eb ta humbur k\u00ebt\u00eb treg. N\u00ebse duan t\u00eb kthehen n\u00eb k\u00ebt\u00eb treg, duhet t\u00eb respektojn\u00eb k\u00ebt\u00eb shtet\u201d, tha Limaj, duke shtuar se \u201cne mund t\u00eb jetojm\u00eb pa Serbin\u00eb. Edhe tregu i Kosov\u00ebs edhe qytetar\u00ebt edhe ekonomia.\u201d<\/p>\n<p>Gjithashtu, Limaj ka th\u00ebn\u00eb se ata q\u00eb tentojn\u00eb t\u00eb ngrisin \u00e7mimet do t\u00eb marrin p\u00ebrgjigje sipas ligjit.<\/p>\n<p>\u201cAta t\u00eb cil\u00ebt tentojn\u00eb p\u00ebr t\u2019i ngritur \u00e7mimet duke shfryt\u00ebzuar situat\u00ebn p\u00ebrmes masave spikulative, duhet t\u00eb ken\u00eb kujdes sepse shteti \u00ebsht\u00eb n\u00eb veprim dhe do t\u00eb iu p\u00ebrgjigjemi sipas ligjit. Un\u00eb i ftoj\u00eb njer\u00ebzit q\u00eb t\u00eb kuptojn\u00eb se \u00ebsht\u00eb nj\u00eb luft\u00eb speciale nga Beogradi, p\u00ebr t\u00eb hapur panik\u00eb se Kosova do t\u00eb ket\u00eb problem n\u00eb munges\u00eb te t\u00eb mirave q\u00eb i duhen p\u00ebr konsumim, sepse pa Serbin\u00eb kjo pun\u00eb nuk b\u00ebhet. Por, ne i themi se Kosova sot \u00ebsht\u00eb shtet dhe i ka dyert e hapura q\u00eb t\u00eb furnizohet kudo q\u00eb ka nevoj\u00eb\u201d, ka deklaruar Limaj  n\u00eb emisionin \u201cBlic InterView\u201d.<\/p>\n","protected":false},"excerpt":{"rendered":"<p>Z\u00ebvend\u00ebskryeministri i Kosov\u00ebs, Fatmir Limaj, ka th\u00ebn\u00eb se taksa ndaj Serbis\u00eb nuk do t\u00eb ket\u00eb efekt negativ mbi ekonomin\u00eb e Kosov\u00ebs. Limaj ka th\u00ebn\u00eb se taksa do t\u00eb ket\u00eb efekt mbi Serbin\u00eb dhe se ajo duhet t\u00eb m\u00ebsohet t\u00eb respektoj\u00eb Kosov\u00ebn, shkruan gazetametro.net Kjo do t\u00eb tregoj\u00eb nj\u00eb efekt t\u00eb jasht\u00ebzakonsh\u00ebm tek Serbia. Sjellja e [&hellip;]<\/p>\n","protected":false},"author":1,"featured_media":29541,"comment_status":"closed","ping_status":"closed","sticky":false,"template":"","format":"standard","meta":{"footnotes":""},"categories":[5],"tags":[],"class_list":{"0":"post-29540","1":"post","2":"type-post","3":"status-publish","4":"format-standard","5":"has-post-thumbnail","7":"category-lajme"},"_links":{"self":[{"href":"https:\/\/radiostargjilan.com\/web\/wp-json\/wp\/v2\/posts\/29540","targetHints":{"allow":["GET"]}}],"collection":[{"href":"https:\/\/radiostargjilan.com\/web\/wp-json\/wp\/v2\/posts"}],"about":[{"href":"https:\/\/radiostargjilan.com\/web\/wp-json\/wp\/v2\/types\/post"}],"author":[{"embeddable":true,"href":"https:\/\/radiostargjilan.com\/web\/wp-json\/wp\/v2\/users\/1"}],"replies":[{"embeddable":true,"href":"https:\/\/radiostargjilan.com\/web\/wp-json\/wp\/v2\/comments?post=29540"}],"version-history":[{"count":0,"href":"https:\/\/radiostargjilan.com\/web\/wp-json\/wp\/v2\/posts\/29540\/revisions"}],"wp:featuredmedia":[{"embeddable":true,"href":"https:\/\/radiostargjilan.com\/web\/wp-json\/wp\/v2\/media\/29541"}],"wp:attachment":[{"href":"https:\/\/radiostargjilan.com\/web\/wp-json\/wp\/v2\/media?parent=29540"}],"wp:term":[{"taxonomy":"category","embeddable":true,"href":"https:\/\/radiostargjilan.com\/web\/wp-json\/wp\/v2\/categories?post=29540"},{"taxonomy":"post_tag","embeddable":true,"href":"https:\/\/radiostargjilan.com\/web\/wp-json\/wp\/v2\/tags?post=29540"}],"curies":[{"name":"wp","href":"https:\/\/api.w.org\/{rel}","templated":true}]}}