{"id":29868,"date":"2018-12-08T10:14:25","date_gmt":"2018-12-08T10:14:25","guid":{"rendered":"http:\/\/radiostargjilan.com\/web\/?p=29868"},"modified":"2018-12-08T10:14:25","modified_gmt":"2018-12-08T10:14:25","slug":"ndalohen-pensionet-e-dyfishta-per-192-qytetare-te-kosoves","status":"publish","type":"post","link":"https:\/\/radiostargjilan.com\/web\/ndalohen-pensionet-e-dyfishta-per-192-qytetare-te-kosoves\/","title":{"rendered":"NDALOHEN PENSIONET E DYFISHTA P\u00cbR 192 QYTETAR\u00cb T\u00cb KOSOV\u00cbS"},"content":{"rendered":"<p>Zyrtar\u00eb t\u00eb lart\u00eb t\u00eb shtetit p\u00ebrve\u00e7 pag\u00ebs s\u00eb rregullt p\u00ebr pun\u00ebn q\u00eb b\u00ebjn\u00eb ata marrin edhe pensione invalidore, por n\u00eb an\u00ebn tjet\u00ebr ndryshe nga ta qytetar\u00ebt nuk po arrijn\u00eb t\u2019i g\u00ebzojn\u00eb p\u00ebrftimet e ngjashme meqen\u00ebse shteti ua ndalon pensionet e dyfishta.<\/p>\n<p>N\u00eb baz\u00eb t\u00eb t\u00eb dh\u00ebnave zyrtare, vet\u00ebm gjat\u00eb muajit tetor Ministria e Pun\u00ebs dhe e Mir\u00ebqenies Sociale (MPMS) ua ka ndaluar p\u00ebrfitimet e dyfishta t\u00eb pensioneve 192 personave.<\/p>\n<p>Udh\u00ebheq\u00ebsi i Departamentit t\u00eb Pensioneve n\u00eb Ministrin\u00eb e Pun\u00ebs, Bahri Xhaferi, n\u00eb nj\u00eb prononcim dh\u00ebn\u00eb gazet\u00ebs \u201cZ\u00ebri\u201d ka sqaruar se korniza ligjore \u00ebsht\u00eb e till\u00eb q\u00eb asnj\u00eb qytetarit n\u00eb Kosov\u00eb nuk ia lejon p\u00ebrfitimin e m\u00eb shum\u00eb se nj\u00eb pensioni.<\/p>\n<p>Xhaferi ka treguar se vet\u00ebm gjat\u00eb vitit 2016 kan\u00eb nd\u00ebrprer\u00eb pensionet e 4 mij\u00eb e 400 personave, nd\u00ebrsa deri n\u00eb muajin tetor t\u00eb k\u00ebtij viti kan\u00eb ndaluar 192 pensione t\u00eb dyfishta.<\/p>\n<p>\u201cDiku 192 raste i kemi pasur n\u00eb muajin tetor q\u00eb ua kemi nd\u00ebrprer\u00eb pensionet e dyfishta. Ata kan\u00eb qen\u00eb pensionist\u00eb t\u00eb Forcave t\u00eb Siguris\u00eb dhe ish-pjes\u00ebtar\u00eb t\u00eb FSK-s\u00eb dhe t\u00eb Trupave Mbrojt\u00ebse t\u00eb Kosov\u00ebs\u201d, tha Xhaferi.<\/p>\n","protected":false},"excerpt":{"rendered":"<p>Zyrtar\u00eb t\u00eb lart\u00eb t\u00eb shtetit p\u00ebrve\u00e7 pag\u00ebs s\u00eb rregullt p\u00ebr pun\u00ebn q\u00eb b\u00ebjn\u00eb ata marrin edhe pensione invalidore, por n\u00eb an\u00ebn tjet\u00ebr ndryshe nga ta qytetar\u00ebt nuk po arrijn\u00eb t\u2019i g\u00ebzojn\u00eb p\u00ebrftimet e ngjashme meqen\u00ebse shteti ua ndalon pensionet e dyfishta. N\u00eb baz\u00eb t\u00eb t\u00eb dh\u00ebnave zyrtare, vet\u00ebm gjat\u00eb muajit tetor Ministria e Pun\u00ebs dhe [&hellip;]<\/p>\n","protected":false},"author":1,"featured_media":29869,"comment_status":"closed","ping_status":"closed","sticky":false,"template":"","format":"standard","meta":{"footnotes":""},"categories":[5],"tags":[],"class_list":{"0":"post-29868","1":"post","2":"type-post","3":"status-publish","4":"format-standard","5":"has-post-thumbnail","7":"category-lajme"},"_links":{"self":[{"href":"https:\/\/radiostargjilan.com\/web\/wp-json\/wp\/v2\/posts\/29868","targetHints":{"allow":["GET"]}}],"collection":[{"href":"https:\/\/radiostargjilan.com\/web\/wp-json\/wp\/v2\/posts"}],"about":[{"href":"https:\/\/radiostargjilan.com\/web\/wp-json\/wp\/v2\/types\/post"}],"author":[{"embeddable":true,"href":"https:\/\/radiostargjilan.com\/web\/wp-json\/wp\/v2\/users\/1"}],"replies":[{"embeddable":true,"href":"https:\/\/radiostargjilan.com\/web\/wp-json\/wp\/v2\/comments?post=29868"}],"version-history":[{"count":0,"href":"https:\/\/radiostargjilan.com\/web\/wp-json\/wp\/v2\/posts\/29868\/revisions"}],"wp:featuredmedia":[{"embeddable":true,"href":"https:\/\/radiostargjilan.com\/web\/wp-json\/wp\/v2\/media\/29869"}],"wp:attachment":[{"href":"https:\/\/radiostargjilan.com\/web\/wp-json\/wp\/v2\/media?parent=29868"}],"wp:term":[{"taxonomy":"category","embeddable":true,"href":"https:\/\/radiostargjilan.com\/web\/wp-json\/wp\/v2\/categories?post=29868"},{"taxonomy":"post_tag","embeddable":true,"href":"https:\/\/radiostargjilan.com\/web\/wp-json\/wp\/v2\/tags?post=29868"}],"curies":[{"name":"wp","href":"https:\/\/api.w.org\/{rel}","templated":true}]}}