{"id":29872,"date":"2018-12-08T11:31:34","date_gmt":"2018-12-08T11:31:34","guid":{"rendered":"http:\/\/radiostargjilan.com\/web\/?p=29872"},"modified":"2018-12-08T11:39:16","modified_gmt":"2018-12-08T11:39:16","slug":"konfirmohet-aktakuza-per-korrupsion-kunder-qemajl-mustafes","status":"publish","type":"post","link":"https:\/\/radiostargjilan.com\/web\/konfirmohet-aktakuza-per-korrupsion-kunder-qemajl-mustafes\/","title":{"rendered":"Konfirmohet aktakuza p\u00ebr korrupsion kund\u00ebr Qemajl Mustaf\u00ebs"},"content":{"rendered":"<p>Gjykata Themelore n\u00eb Pej\u00eb, ka refuzuar k\u00ebrkesat p\u00ebr hedhjen e aktakuz\u00ebs n\u00eb rastin e ish-kryetarit t\u00eb Komun\u00ebs s\u00eb Gjilanit, Qemajl Mustafa, i akuzuar p\u00ebr vepra penale t\u00eb korrupsionit.<\/p>\n<p>Por, n\u00eb aktvendimin e siguruar nga \u201cBetimi p\u00ebr Drejt\u00ebsi\u201d, kjo gjykat\u00eb ka konsideruar se n\u00eb rastin e Mustaf\u00ebs dhe t\u00eb akuzuarve tjer\u00eb, s\u2019ka elemente t\u00eb vepr\u00ebs penale t\u00eb krimit t\u00eb organizuar. Nd\u00ebrsa, ka pushuar procedur\u00ebn penale ndaj t\u00eb 11 t\u00eb akuzuarve t\u00eb cil\u00ebt ngarkoheshin me vepr\u00ebn penale t\u00eb keqp\u00ebrdorimeve n\u00eb ekonomi, dhe 19 t\u00eb akuzuarve p\u00ebr keqp\u00ebrdorim t\u00eb detyr\u00ebs zyrtare n\u00eb bashk\u00ebkryerje, p\u00ebr shkak t\u00eb parashkrimit relativ t\u00eb vepr\u00ebs penale. Prej 29 t\u00eb akuzuarve se si grup kriminal kishin kryer vepr\u00ebn penale t\u00eb korrupsionit lidhur me dh\u00ebnien e tender\u00ebve n\u00eb Komun\u00ebn e Gjilanit, sipas vendimit t\u00eb gjykat\u00ebs, vet\u00ebm 12 t\u00eb akuzuar, do t\u00eb ballafaqohen me akuzat e Prokuroris\u00eb Speciale p\u00ebr korrupsion dhe at\u00eb me kualifikim t\u00eb ri t\u00eb vepr\u00ebs penale.<\/p>\n<p>Kjo pasi, Gjykata Themelore n\u00eb Pej\u00eb, ka refuzuar vet\u00ebm k\u00ebrkesat e t\u00eb pandehurve, Qemail Mustafa, Hatixhe Daku, Vehbi Geci, Ramush Musliu, Behar Mehmeti, Hamdi Ismajli, Fadil Osmani, Heset Asllani, Selver Xhelili, Qemajl Latifi, Naser Sylejmani dhe Nazim Jashari, e p\u00ebr vepr\u00ebn penale keqp\u00ebrdorimi i pozit\u00ebs apo autoritetit zyrtar, ne shkelje te nenit 422 par.l dhe 2 pika 2.1 lidhur me nenin 31 t\u00eb KPK-s\u00eb. Nd\u00ebrsa, ka pushuar procedur\u00ebn penale p\u00ebr shkak t\u00eb arritjes s\u00eb parashkrimit relativ t\u00eb ndjekjes penale ndaj te pandehurve: Drita Kajtazi-Bajrami, Agim Hoxha, Qefsere Sadriu, Enver Biqku, Asllan Mustafa, Muhamet Kastrati,- Heset Mahmuti dhe Fatmir Halili, lIaz Rashiti, Musa Nasufi, Ibrahim Foniqi, Zeqirja Fazliu, Azem Mujku, Selvije Shefkiu- Mustafa, Ganimete Kastrati, Shemsedin Qerimi dhe p\u00ebr Merita Canaj-Shabani, q\u00eb akuzohen p\u00ebr vepr\u00ebn penale keqp\u00ebrdorimi i pozit\u00ebs ose autoritetit zyrtar n\u00eb shkelje t\u00eb nenit 422 par.l dhe 2 pika 2..1 lidhur me nenin 31 te KPK-s\u00eb. Po ashtu, gjykata ka b\u00ebr\u00eb ndryshimin e kualifikimit juridik ndaj t\u00eb akuzuarve, t\u00eb cilit sipas k\u00ebtij aktvendimi akuzohen se kan\u00eb kryer vepr\u00ebn penale t\u00eb keqp\u00ebrdorimit t\u00eb detyr\u00ebs zyrtare n\u00eb bashk\u00ebveprim, e jo si grup i strukturuar kriminal, si\u00e7 pretendon Prokuroria Speciale.<strong>\/gazetaexpress\/<\/strong><\/p>\n","protected":false},"excerpt":{"rendered":"<p>Gjykata Themelore n\u00eb Pej\u00eb, ka refuzuar k\u00ebrkesat p\u00ebr hedhjen e aktakuz\u00ebs n\u00eb rastin e ish-kryetarit t\u00eb Komun\u00ebs s\u00eb Gjilanit, Qemajl Mustafa, i akuzuar p\u00ebr vepra penale t\u00eb korrupsionit. Por, n\u00eb aktvendimin e siguruar nga \u201cBetimi p\u00ebr Drejt\u00ebsi\u201d, kjo gjykat\u00eb ka konsideruar se n\u00eb rastin e Mustaf\u00ebs dhe t\u00eb akuzuarve tjer\u00eb, s\u2019ka elemente t\u00eb vepr\u00ebs penale [&hellip;]<\/p>\n","protected":false},"author":1,"featured_media":29873,"comment_status":"closed","ping_status":"closed","sticky":false,"template":"","format":"standard","meta":{"footnotes":""},"categories":[5],"tags":[],"class_list":{"0":"post-29872","1":"post","2":"type-post","3":"status-publish","4":"format-standard","5":"has-post-thumbnail","7":"category-lajme"},"_links":{"self":[{"href":"https:\/\/radiostargjilan.com\/web\/wp-json\/wp\/v2\/posts\/29872","targetHints":{"allow":["GET"]}}],"collection":[{"href":"https:\/\/radiostargjilan.com\/web\/wp-json\/wp\/v2\/posts"}],"about":[{"href":"https:\/\/radiostargjilan.com\/web\/wp-json\/wp\/v2\/types\/post"}],"author":[{"embeddable":true,"href":"https:\/\/radiostargjilan.com\/web\/wp-json\/wp\/v2\/users\/1"}],"replies":[{"embeddable":true,"href":"https:\/\/radiostargjilan.com\/web\/wp-json\/wp\/v2\/comments?post=29872"}],"version-history":[{"count":0,"href":"https:\/\/radiostargjilan.com\/web\/wp-json\/wp\/v2\/posts\/29872\/revisions"}],"wp:featuredmedia":[{"embeddable":true,"href":"https:\/\/radiostargjilan.com\/web\/wp-json\/wp\/v2\/media\/29873"}],"wp:attachment":[{"href":"https:\/\/radiostargjilan.com\/web\/wp-json\/wp\/v2\/media?parent=29872"}],"wp:term":[{"taxonomy":"category","embeddable":true,"href":"https:\/\/radiostargjilan.com\/web\/wp-json\/wp\/v2\/categories?post=29872"},{"taxonomy":"post_tag","embeddable":true,"href":"https:\/\/radiostargjilan.com\/web\/wp-json\/wp\/v2\/tags?post=29872"}],"curies":[{"name":"wp","href":"https:\/\/api.w.org\/{rel}","templated":true}]}}