{"id":30398,"date":"2018-12-25T09:25:26","date_gmt":"2018-12-25T09:25:26","guid":{"rendered":"http:\/\/radiostargjilan.com\/web\/?p=30398"},"modified":"2018-12-25T09:25:48","modified_gmt":"2018-12-25T09:25:48","slug":"eco-higjiena-ju-kerkon-ndjese-qytetareve-per-ngecje-te-mundeshme-diteve-ne-vijim-ne-kryerje-te-sherbime","status":"publish","type":"post","link":"https:\/\/radiostargjilan.com\/web\/eco-higjiena-ju-kerkon-ndjese-qytetareve-per-ngecje-te-mundeshme-diteve-ne-vijim-ne-kryerje-te-sherbime\/","title":{"rendered":"\u201cEcoHigjiena\u201d ju k\u00ebrkon  ndjes\u00eb qytetareve p\u00ebr  ngecje t\u00eb mundeshme  dit\u00ebve n\u00eb vijim n\u00eb kryerje t\u00eb  sherbime!"},"content":{"rendered":"<p>T\u00eb nderuar klient !<\/p>\n<p>Si  \u00e7do vit n\u00eb t\u00eb kaluaren edhe k\u00ebt\u00eb vit ndodhemi n\u00eb prag t\u00eb festave t\u00eb fundvitit, ku shtohet enkas p\u00ebr k\u00ebt\u00eb arsye edhe angazhimi vet\u00ebmohues i ekipeve tona p\u00ebr t\u030d \u0313 i kryer sh\u00ebrbimin secilit klient.  Ne ju k\u00ebrkojme ndjes\u00eb p\u00ebr  ngecje t\u00eb mundeshme  dit\u00ebve n\u00eb vijim n\u00eb kryerje t\u00eb  sherbime t\u00eb tilla n\u00eb  koh\u00eb t\u00eb caktuar. <\/p>\n<p>Mir\u00ebpo, ne zotohemi se me p\u00ebrkushtim t\u00eb shtuar secilit klient do t \u030d i kryhet sh\u00ebrbimi  n\u00eb afat sa m\u00eb t\u00eb shpejt\u00eb t\u00eb mund\u00ebsh\u00ebm duke mund\u00ebsuar k\u00ebshtu t\u00eb dy pal\u00ebve dit\u00eb t\u00eb k\u00ebnd\u00ebshme festimi.<br \/>\nP\u00ebr n\u00eb fund, ju urojm\u00eb q\u00eb n \u0313 g\u00ebzime e harmoni, t\u00eb pritni  Festat e Fundvitit ! <\/p>\n<p>Eco-Higjiena sh.p.k.<\/p>\n","protected":false},"excerpt":{"rendered":"<p>T\u00eb nderuar klient ! Si \u00e7do vit n\u00eb t\u00eb kaluaren edhe k\u00ebt\u00eb vit ndodhemi n\u00eb prag t\u00eb festave t\u00eb fundvitit, ku shtohet enkas p\u00ebr k\u00ebt\u00eb arsye edhe angazhimi vet\u00ebmohues i ekipeve tona p\u00ebr t\u030d \u0313 i kryer sh\u00ebrbimin secilit klient. Ne ju k\u00ebrkojme ndjes\u00eb p\u00ebr ngecje t\u00eb mundeshme dit\u00ebve n\u00eb vijim n\u00eb kryerje t\u00eb sherbime [&hellip;]<\/p>\n","protected":false},"author":1,"featured_media":30399,"comment_status":"closed","ping_status":"closed","sticky":false,"template":"","format":"standard","meta":{"footnotes":""},"categories":[5],"tags":[],"class_list":{"0":"post-30398","1":"post","2":"type-post","3":"status-publish","4":"format-standard","5":"has-post-thumbnail","7":"category-lajme"},"_links":{"self":[{"href":"https:\/\/radiostargjilan.com\/web\/wp-json\/wp\/v2\/posts\/30398","targetHints":{"allow":["GET"]}}],"collection":[{"href":"https:\/\/radiostargjilan.com\/web\/wp-json\/wp\/v2\/posts"}],"about":[{"href":"https:\/\/radiostargjilan.com\/web\/wp-json\/wp\/v2\/types\/post"}],"author":[{"embeddable":true,"href":"https:\/\/radiostargjilan.com\/web\/wp-json\/wp\/v2\/users\/1"}],"replies":[{"embeddable":true,"href":"https:\/\/radiostargjilan.com\/web\/wp-json\/wp\/v2\/comments?post=30398"}],"version-history":[{"count":0,"href":"https:\/\/radiostargjilan.com\/web\/wp-json\/wp\/v2\/posts\/30398\/revisions"}],"wp:featuredmedia":[{"embeddable":true,"href":"https:\/\/radiostargjilan.com\/web\/wp-json\/wp\/v2\/media\/30399"}],"wp:attachment":[{"href":"https:\/\/radiostargjilan.com\/web\/wp-json\/wp\/v2\/media?parent=30398"}],"wp:term":[{"taxonomy":"category","embeddable":true,"href":"https:\/\/radiostargjilan.com\/web\/wp-json\/wp\/v2\/categories?post=30398"},{"taxonomy":"post_tag","embeddable":true,"href":"https:\/\/radiostargjilan.com\/web\/wp-json\/wp\/v2\/tags?post=30398"}],"curies":[{"name":"wp","href":"https:\/\/api.w.org\/{rel}","templated":true}]}}