{"id":30492,"date":"2018-12-27T11:24:50","date_gmt":"2018-12-27T11:24:50","guid":{"rendered":"http:\/\/radiostargjilan.com\/web\/?p=30492"},"modified":"2018-12-27T11:24:50","modified_gmt":"2018-12-27T11:24:50","slug":"vatra-nderon-me-mirenjohje-ndermarresin-sevdail-haziri","status":"publish","type":"post","link":"https:\/\/radiostargjilan.com\/web\/vatra-nderon-me-mirenjohje-ndermarresin-sevdail-haziri\/","title":{"rendered":"Vatra\u201d nderon me mir\u00ebnjohje nd\u00ebrmarr\u00ebsin Sevdail Haziri"},"content":{"rendered":"<p>Lugina, Mal\u00ebsia e Bujanocit ka shum\u00eb arsye t\u00eb nderoj\u00eb me mir\u00ebnjohje speciale bamir\u00ebsin, nd\u00ebrmarr\u00ebsin, birin e saj, Sevdail Hazirin.<br \/>\nLugina ndihet krenare q\u00eb ka pasur fatin t\u00eb ket\u00eb nj\u00eb nd\u00ebrmarr\u00ebs t\u00eb kalibrit Evropian, nj\u00eb njeri q\u00eb t\u00ebr\u00eb jet\u00ebn jetoj\u00eb e veproi p\u00ebr t\u00eb mir\u00ebn e \u00e7\u00ebshtjes Komb\u00ebtare, thot\u00eb Kushtrim Kadriu, kryetar i L\u00ebvizjes \u201cVatra\u201d.<\/p>\n<p>Sipas tij, \u201dVatra\u201d me nj\u00eb mir\u00ebnjohje speciale ka nderuar p\u00ebr pun\u00ebn, kontributin dhe t\u00eb arriturat n\u00eb fush\u00ebn e nd\u00ebrrmarr\u00ebsis\u00eb Sevdail Hazirin i cili si\u00e7 u tha n\u00eb k\u00ebt\u00eb eveniment p\u00ebr asnj\u00eb moment nuk e harroi vendlindjen dhe ti mbroj\u00eb t\u00eb drejtat e shqiptar\u00ebve t\u00eb Lugin\u00ebs.<\/p>\n<p>Kushtrim Kadriu kryetar i L\u00ebvizjes \u201cVatra\u201d tha se ndihet krenar t\u00eb nderoi me mir\u00ebnjohje, Sevdail Hazirin njeriun e shpres\u00ebs p\u00ebr qindra pun\u00ebtor\u00eb an\u00eb e mban\u00eb trojeve shqiptare, t\u00eb cil\u00ebt gjet\u00ebn streh\u00eb, pun\u00eb e shpres\u00eb n\u00eb nd\u00ebrmarrjen e Sevdail Hazirit.<\/p>\n<p>Nga ana e tij, Haziri shprehu fal\u00ebnderimin p\u00ebr k\u00ebt\u00eb nder\u00eb q\u00eb ju b\u00eb nga L\u00ebvizja \u201cVatra\u201d.<\/p>\n<p>Pjes\u00eb e eventit ishte edhe deputeti popullor, Fatmir Hasani i cili tha se sh\u00ebmbullin e Sevdailit duhet ta ndjekin edhe bashkatdhetar\u00ebt e tjer\u00eb q\u00eb t\u2019i q\u00ebndrojn\u00eb af\u00ebr Kosov\u00ebs Lindore.<\/p>\n","protected":false},"excerpt":{"rendered":"<p>Lugina, Mal\u00ebsia e Bujanocit ka shum\u00eb arsye t\u00eb nderoj\u00eb me mir\u00ebnjohje speciale bamir\u00ebsin, nd\u00ebrmarr\u00ebsin, birin e saj, Sevdail Hazirin. Lugina ndihet krenare q\u00eb ka pasur fatin t\u00eb ket\u00eb nj\u00eb nd\u00ebrmarr\u00ebs t\u00eb kalibrit Evropian, nj\u00eb njeri q\u00eb t\u00ebr\u00eb jet\u00ebn jetoj\u00eb e veproi p\u00ebr t\u00eb mir\u00ebn e \u00e7\u00ebshtjes Komb\u00ebtare, thot\u00eb Kushtrim Kadriu, kryetar i L\u00ebvizjes \u201cVatra\u201d. Sipas [&hellip;]<\/p>\n","protected":false},"author":1,"featured_media":30493,"comment_status":"closed","ping_status":"closed","sticky":false,"template":"","format":"standard","meta":{"footnotes":""},"categories":[5],"tags":[],"class_list":{"0":"post-30492","1":"post","2":"type-post","3":"status-publish","4":"format-standard","5":"has-post-thumbnail","7":"category-lajme"},"_links":{"self":[{"href":"https:\/\/radiostargjilan.com\/web\/wp-json\/wp\/v2\/posts\/30492","targetHints":{"allow":["GET"]}}],"collection":[{"href":"https:\/\/radiostargjilan.com\/web\/wp-json\/wp\/v2\/posts"}],"about":[{"href":"https:\/\/radiostargjilan.com\/web\/wp-json\/wp\/v2\/types\/post"}],"author":[{"embeddable":true,"href":"https:\/\/radiostargjilan.com\/web\/wp-json\/wp\/v2\/users\/1"}],"replies":[{"embeddable":true,"href":"https:\/\/radiostargjilan.com\/web\/wp-json\/wp\/v2\/comments?post=30492"}],"version-history":[{"count":0,"href":"https:\/\/radiostargjilan.com\/web\/wp-json\/wp\/v2\/posts\/30492\/revisions"}],"wp:featuredmedia":[{"embeddable":true,"href":"https:\/\/radiostargjilan.com\/web\/wp-json\/wp\/v2\/media\/30493"}],"wp:attachment":[{"href":"https:\/\/radiostargjilan.com\/web\/wp-json\/wp\/v2\/media?parent=30492"}],"wp:term":[{"taxonomy":"category","embeddable":true,"href":"https:\/\/radiostargjilan.com\/web\/wp-json\/wp\/v2\/categories?post=30492"},{"taxonomy":"post_tag","embeddable":true,"href":"https:\/\/radiostargjilan.com\/web\/wp-json\/wp\/v2\/tags?post=30492"}],"curies":[{"name":"wp","href":"https:\/\/api.w.org\/{rel}","templated":true}]}}