{"id":30746,"date":"2019-01-02T08:08:11","date_gmt":"2019-01-02T08:08:11","guid":{"rendered":"http:\/\/radiostargjilan.com\/web\/?p=30746"},"modified":"2019-01-02T08:09:15","modified_gmt":"2019-01-02T08:09:15","slug":"i-vihet-flaka-ambulantes-ne-gavran-te-gjilanit","status":"publish","type":"post","link":"https:\/\/radiostargjilan.com\/web\/i-vihet-flaka-ambulantes-ne-gavran-te-gjilanit\/","title":{"rendered":"I vihet flaka ambulantes n\u00eb Gavran t\u00eb Gjilanit"},"content":{"rendered":"<p>Mbr\u00ebm n\u00eb Lagjen \u201c Dardania \u201c t\u00eb Gjilanit dyshohet s\u00eb i \u00ebsht\u00eb ven\u00eb flaka ambulantes &#8220;QKMF Dardania &#8220;, kjo pasi q\u00eb \u00ebsht\u00eb par\u00eb zjarr\u00eb n\u00eb at\u00eb pjes\u00eb.<\/p>\n<p>Sipas informacioneve q\u00eb ka siguruar, nga kjo djegie nuk ka ndonj\u00eb t\u00eb l\u00ebnduar.<\/p>\n<p>Radio Star ju sjell pamje nga &#8220;QKMF Dardania&#8221;:<\/p>\n<div style=\"width: 224px;\" class=\"wp-video\"><video class=\"wp-video-shortcode\" id=\"video-30746-1\" width=\"224\" height=\"400\" preload=\"metadata\" controls=\"controls\"><source type=\"video\/mp4\" src=\"https:\/\/radiostargjilan.com\/web\/wp-content\/uploads\/2019\/01\/49930492_356771355113548_741395351965007872_n.mp4?_=1\" \/><a href=\"https:\/\/radiostargjilan.com\/web\/wp-content\/uploads\/2019\/01\/49930492_356771355113548_741395351965007872_n.mp4\">https:\/\/radiostargjilan.com\/web\/wp-content\/uploads\/2019\/01\/49930492_356771355113548_741395351965007872_n.mp4<\/a><\/video><\/div>\n","protected":false},"excerpt":{"rendered":"<p>Mbr\u00ebm n\u00eb Lagjen \u201c Dardania \u201c t\u00eb Gjilanit dyshohet s\u00eb i \u00ebsht\u00eb ven\u00eb flaka ambulantes &#8220;QKMF Dardania &#8220;, kjo pasi q\u00eb \u00ebsht\u00eb par\u00eb zjarr\u00eb n\u00eb at\u00eb pjes\u00eb. Sipas informacioneve q\u00eb ka siguruar, nga kjo djegie nuk ka ndonj\u00eb t\u00eb l\u00ebnduar. Radio Star ju sjell pamje nga &#8220;QKMF Dardania&#8221;:<\/p>\n","protected":false},"author":1,"featured_media":30747,"comment_status":"closed","ping_status":"closed","sticky":false,"template":"","format":"standard","meta":{"footnotes":""},"categories":[5],"tags":[],"class_list":{"0":"post-30746","1":"post","2":"type-post","3":"status-publish","4":"format-standard","5":"has-post-thumbnail","7":"category-lajme"},"_links":{"self":[{"href":"https:\/\/radiostargjilan.com\/web\/wp-json\/wp\/v2\/posts\/30746","targetHints":{"allow":["GET"]}}],"collection":[{"href":"https:\/\/radiostargjilan.com\/web\/wp-json\/wp\/v2\/posts"}],"about":[{"href":"https:\/\/radiostargjilan.com\/web\/wp-json\/wp\/v2\/types\/post"}],"author":[{"embeddable":true,"href":"https:\/\/radiostargjilan.com\/web\/wp-json\/wp\/v2\/users\/1"}],"replies":[{"embeddable":true,"href":"https:\/\/radiostargjilan.com\/web\/wp-json\/wp\/v2\/comments?post=30746"}],"version-history":[{"count":0,"href":"https:\/\/radiostargjilan.com\/web\/wp-json\/wp\/v2\/posts\/30746\/revisions"}],"wp:featuredmedia":[{"embeddable":true,"href":"https:\/\/radiostargjilan.com\/web\/wp-json\/wp\/v2\/media\/30747"}],"wp:attachment":[{"href":"https:\/\/radiostargjilan.com\/web\/wp-json\/wp\/v2\/media?parent=30746"}],"wp:term":[{"taxonomy":"category","embeddable":true,"href":"https:\/\/radiostargjilan.com\/web\/wp-json\/wp\/v2\/categories?post=30746"},{"taxonomy":"post_tag","embeddable":true,"href":"https:\/\/radiostargjilan.com\/web\/wp-json\/wp\/v2\/tags?post=30746"}],"curies":[{"name":"wp","href":"https:\/\/api.w.org\/{rel}","templated":true}]}}