{"id":31598,"date":"2019-01-12T17:04:47","date_gmt":"2019-01-12T17:04:47","guid":{"rendered":"http:\/\/radiostargjilan.com\/web\/?p=31598"},"modified":"2019-01-12T17:04:47","modified_gmt":"2019-01-12T17:04:47","slug":"ministri-i-arsimit-ka-nje-kerkese-per-greven-e-paralajmeruar-nga-sbashk-u","status":"publish","type":"post","link":"https:\/\/radiostargjilan.com\/web\/ministri-i-arsimit-ka-nje-kerkese-per-greven-e-paralajmeruar-nga-sbashk-u\/","title":{"rendered":"Ministri i Arsimit ka nj\u00eb k\u00ebrkes\u00eb p\u00ebr grev\u00ebn e paralajm\u00ebruar nga SBASHK-u"},"content":{"rendered":"<p>M\u00ebsimdh\u00ebn\u00ebsve po iu b\u00ebhet e padrejt\u00eb me ligjin p\u00ebr pagat, megjithat\u00eb greva e cila do t\u00eb filloj\u00eb t\u00eb h\u00ebn\u00eb n\u00eb t\u00eb gjitha institucionet arsimore t\u00eb Kosov\u00ebs, po konsiderohet se do t\u00eb d\u00ebmtoj\u00eb m\u00eb s\u00eb shumti f\u00ebmij\u00ebt.<\/p>\n<p>Sindikata e Bashkuar e Arsimit, Shkenc\u00ebs dhe Kultur\u00ebs ka vendosur q\u00eb k\u00ebt\u00eb  t\u00eb h\u00ebn\u00eb do t\u00eb filloj\u00eb greva n\u00eb t\u00eb gjitha institucionet arsimore n\u00eb Kosov\u00eb.<\/p>\n<p>Ky vendim erdhi si pasoj\u00eb e pak\u00ebnaq\u00ebsis\u00eb s\u00eb m\u00ebsimdh\u00ebn\u00ebsve lidhur me koeficientin e pagave. E p\u00ebrfaq\u00ebsues t\u00eb k\u00ebsaj sindikate kan\u00eb th\u00ebn\u00eb se nuk do t\u00eb t\u00ebrhiqen nga greva n\u00ebse nuk rritet p\u00ebr 30 p\u00ebrqind koeficienti i pagave.<\/p>\n<p>Greva e cila pritet t\u00eb filloj\u00eb t\u00eb h\u00ebn\u00ebn, po konsiderohet se do t\u00eb d\u00ebmtoj\u00eb m\u00eb s\u00eb shumti f\u00ebmij\u00ebt.<\/p>\n<p>K\u00ebt\u00eb vendim po e cil\u00ebson shqet\u00ebsues K\u00ebshilli i Prind\u00ebrve t\u00eb Kosov\u00ebs. Kryetari i k\u00ebtij k\u00ebshilli, Ymret Reshiti, thot\u00eb p\u00ebr KosovaPress se ata p\u00ebrkrahin k\u00ebrkes\u00ebn p\u00ebr rritjen e pagave t\u00eb m\u00ebsimdh\u00ebn\u00ebsve, por nuk e pranojn\u00eb grev\u00ebn si mjet p\u00ebr ta arritur k\u00ebt\u00eb k\u00ebrkes\u00eb.<\/p>\n<p>\u201cMe nd\u00ebrprerjen e procesit m\u00ebsimor, nx\u00ebn\u00ebsit po e humbin ose po i zbehet d\u00ebshira dhe vullneti p\u00ebr t\u00eb m\u00ebsuar, sepse koha sa m\u00eb tep\u00ebr q\u00eb ata po q\u00ebndrojn\u00eb larg procesit m\u00ebsimor, \u00ebsht\u00eb nj\u00eb koh\u00eb shum\u00eb e keqe, nj\u00eb faz\u00eb shum\u00eb e v\u00ebshtir\u00eb q\u00eb pastaj m\u00ebsimdh\u00ebn\u00ebsit dhe prind\u00ebrit duhet t\u00eb punojn\u00eb shum\u00eb p\u00ebr t\u00eb nxitur te ata vullnetin dhe d\u00ebshir\u00ebn p\u00ebr t\u2019u ky\u00e7ur n\u00eb procesin m\u00ebsimor. Gjithashtu, z\u00ebvend\u00ebsimi i dit\u00ebve ose or\u00ebve t\u00eb humbura t\u00eb m\u00ebsimit, po shkakton ngarkesa t\u00eb pap\u00ebrballueshme p\u00ebr aft\u00ebsit\u00eb psiqike t\u00eb nx\u00ebn\u00ebsve\u201d, thot\u00eb Reshiti.<\/p>\n<p>Edhe eksperti i arsimit, Dukagjin Pupovci, nj\u00ebher\u00ebsh drejtor n\u00eb Qendr\u00ebn p\u00ebr Arsim t\u00eb Kosov\u00ebs, revolt\u00ebn e m\u00ebsimdh\u00ebn\u00ebsve e quan t\u00eb arsyeshme, por grev\u00ebn nuk po e cil\u00ebson si mjetin e duhur. Sipas tij, problemi \u00ebsht\u00eb se qeveria po merr kahje klienteliste.<\/p>\n<p>\u201cProblemi q\u00eb paraqitet n\u00eb k\u00ebt\u00eb rast \u00ebsht\u00eb se shpeshher\u00eb qeveria merr nj\u00eb lloj qasjeje klienteliste dhe kushdo q\u00eb avokon m\u00eb shum\u00eb ose n\u00eb nj\u00eb m\u00ebnyr\u00eb t\u00eb caktuar p\u00ebr rritje t\u00eb pagave n\u00eb k\u00ebt\u00eb rast i rriten koeficientet, nd\u00ebrsa, ata t\u00eb cil\u00ebt kan\u00eb nj\u00eb pozicion jo aq t\u00eb fort\u00eb, p\u00ebr ta aplikohen disa koeficient\u00eb t\u00eb tjer\u00eb. Prandaj, konsideroj se n\u00eb k\u00ebt\u00eb rast b\u00ebhet nj\u00eb padrejt\u00ebsi ndaj m\u00ebsimdh\u00ebn\u00ebsve, sidomos ndaj k\u00ebtyre kategorive t\u00eb arsimit parauniversitar q\u00eb shp\u00ebrblehen disa n\u00ebn nivelin e interier\u00ebve, madje disa edhe me shkoll\u00eb t\u00eb mesme, disa edhe n\u00ebn at\u00eb nivel, dhe se k\u00ebto jan\u00eb disa anomali q\u00eb duhet t\u00eb rregullohen\u201d, thot\u00eb Pupovci.<\/p>\n<p>Lidhur me \u00e7\u00ebshtjen e pagave, Pupovci propozon q\u00eb m\u00ebsimdh\u00ebn\u00ebsit t\u00eb paguhen n\u00eb baz\u00eb t\u00eb kualifikimeve dhe n\u00eb baz\u00eb t\u00eb pun\u00ebs q\u00eb kryejn\u00eb.<\/p>\n<p>N\u00ebse nj\u00eb m\u00ebsimdh\u00ebn\u00ebs ose drejtor shkolle \u00ebsht\u00eb i krahasuesh\u00ebm me nj\u00eb k\u00ebshilltar t\u00eb ri t\u00eb ministrit ose kryeministrit, at\u00ebher\u00eb edhe paga duhet t\u00eb jet\u00eb aty diku, dometh\u00ebn\u00eb duhet t\u00eb shihet kompleksiteti i pun\u00ebve t\u00eb kryera dhe kualifikimi\u201d, deklaron Pupovci.<\/p>\n<p>Edhe ministri i arsimit, Shyqyiri Bytyqi grev\u00ebn e konsideron si mjet t\u00eb d\u00ebmsh\u00ebm p\u00ebr f\u00ebmij\u00ebt, e sipas tij, SBAShK-u duhet t\u00eb bindet p\u00ebr k\u00ebt\u00eb.<\/p>\n<p>\u201cNuk konsideroj se ne duhet t\u00eb k\u00ebrkojm\u00eb zgjidhje duke e d\u00ebmtuar pjes\u00ebn m\u00eb t\u00eb r\u00ebnd\u00ebsishme t\u00eb k\u00ebtij sistemi, dhe n\u00ebse ne po b\u00ebjm\u00eb p\u00ebrpjekje p\u00ebr t\u00eb b\u00ebr\u00eb di\u00e7ka mir\u00eb, pyetja \u00ebsht\u00eb p\u00ebr \u00e7ka? P\u00ebrpjekjen po e b\u00ebjm\u00eb q\u00eb t\u00eb kemi nj\u00eb sistem arsimor m\u00eb t\u00eb mir\u00eb p\u00ebr f\u00ebmij\u00ebt tan\u00eb dhe pik\u00ebrisht duke k\u00ebrkuar nj\u00eb gj\u00eb t\u00eb till\u00eb, ne po i d\u00ebmtojm\u00eb ata\u201d, thot\u00eb Bytyqi.<\/p>\n<p>Sipas Bytyqit, problemi nuk do t\u00eb zgjidhet me an\u00eb t\u00eb grev\u00ebs. Ai ka ftuar SBAShK-un q\u00eb t\u00eb h\u00ebn\u00ebn t\u00eb takohen me Komisionin Parlamentar p\u00ebr t\u00eb biseduar p\u00ebr nj\u00eb zgjidhje institucionale e p\u00ebr k\u00ebt\u00eb ka pohuar se ka p\u00ebrkrahje edhe nga zyra e kryeministris\u00eb.<\/p>\n<p>\u201cUn\u00eb mendoj q\u00eb duhet t\u00eb gjendet zgjidhja racionale, ajo zgjidhje q\u00eb \u00ebsht\u00eb e mundur, shto k\u00ebsaj q\u00eb n\u00eb projektligjin e pagave \u00ebsht\u00eb futur edhe neni i cili \u00ebsht\u00eb propozuar nga ana jon\u00eb q\u00eb t\u00eb kemi edhe rritje t\u00eb t\u00eb ardhurave var\u00ebsisht nga rritja n\u00eb karrier\u00eb e m\u00ebsimdh\u00ebn\u00ebsve dhe konsideroj q\u00eb jan\u00eb hapat pozitiv q\u00eb ka ky ligj aktualisht\u201d, thot\u00eb Bytyqi.<\/p>\n<p>Nd\u00ebrkaq, SBAShK-u pritet q\u00eb t\u00eb h\u00ebn\u00ebn, m\u00eb dat\u00eb 14 janar t\u00eb filloj\u00eb grev\u00eb e p\u00ebrgjithshme, duke p\u00ebrfshir\u00eb t\u00eb gjitha nivelet arsimore n\u00eb Kosov\u00eb.<\/p>\n<p>Sipas vendimit t\u00eb SBAShK-ut, greva do t\u00eb mbahet \u00e7do dit\u00eb me fillim nga ora 09:00 deri n\u00eb or\u00ebn 12:00.<\/p>\n<p>Gjat\u00eb k\u00ebsaj kohe, ata kan\u00eb b\u00ebr\u00eb thirrje q\u00eb t\u00eb nd\u00ebrpritet \u00e7do aktivitet m\u00ebsimor deri n\u00eb realizim t\u00eb k\u00ebrkesave t\u00eb tyre.<\/p>\n","protected":false},"excerpt":{"rendered":"<p>M\u00ebsimdh\u00ebn\u00ebsve po iu b\u00ebhet e padrejt\u00eb me ligjin p\u00ebr pagat, megjithat\u00eb greva e cila do t\u00eb filloj\u00eb t\u00eb h\u00ebn\u00eb n\u00eb t\u00eb gjitha institucionet arsimore t\u00eb Kosov\u00ebs, po konsiderohet se do t\u00eb d\u00ebmtoj\u00eb m\u00eb s\u00eb shumti f\u00ebmij\u00ebt. Sindikata e Bashkuar e Arsimit, Shkenc\u00ebs dhe Kultur\u00ebs ka vendosur q\u00eb k\u00ebt\u00eb t\u00eb h\u00ebn\u00eb do t\u00eb filloj\u00eb greva n\u00eb [&hellip;]<\/p>\n","protected":false},"author":1,"featured_media":31224,"comment_status":"closed","ping_status":"closed","sticky":false,"template":"","format":"standard","meta":{"footnotes":""},"categories":[5],"tags":[],"class_list":{"0":"post-31598","1":"post","2":"type-post","3":"status-publish","4":"format-standard","5":"has-post-thumbnail","7":"category-lajme"},"_links":{"self":[{"href":"https:\/\/radiostargjilan.com\/web\/wp-json\/wp\/v2\/posts\/31598","targetHints":{"allow":["GET"]}}],"collection":[{"href":"https:\/\/radiostargjilan.com\/web\/wp-json\/wp\/v2\/posts"}],"about":[{"href":"https:\/\/radiostargjilan.com\/web\/wp-json\/wp\/v2\/types\/post"}],"author":[{"embeddable":true,"href":"https:\/\/radiostargjilan.com\/web\/wp-json\/wp\/v2\/users\/1"}],"replies":[{"embeddable":true,"href":"https:\/\/radiostargjilan.com\/web\/wp-json\/wp\/v2\/comments?post=31598"}],"version-history":[{"count":0,"href":"https:\/\/radiostargjilan.com\/web\/wp-json\/wp\/v2\/posts\/31598\/revisions"}],"wp:featuredmedia":[{"embeddable":true,"href":"https:\/\/radiostargjilan.com\/web\/wp-json\/wp\/v2\/media\/31224"}],"wp:attachment":[{"href":"https:\/\/radiostargjilan.com\/web\/wp-json\/wp\/v2\/media?parent=31598"}],"wp:term":[{"taxonomy":"category","embeddable":true,"href":"https:\/\/radiostargjilan.com\/web\/wp-json\/wp\/v2\/categories?post=31598"},{"taxonomy":"post_tag","embeddable":true,"href":"https:\/\/radiostargjilan.com\/web\/wp-json\/wp\/v2\/tags?post=31598"}],"curies":[{"name":"wp","href":"https:\/\/api.w.org\/{rel}","templated":true}]}}