{"id":32028,"date":"2019-01-18T08:55:13","date_gmt":"2019-01-18T08:55:13","guid":{"rendered":"http:\/\/radiostargjilan.com\/web\/?p=32028"},"modified":"2019-01-18T08:55:13","modified_gmt":"2019-01-18T08:55:13","slug":"vazhdon-greva-ne-arsim-sbashk-u-nuk-heq-dore-nga-kerkesat","status":"publish","type":"post","link":"https:\/\/radiostargjilan.com\/web\/vazhdon-greva-ne-arsim-sbashk-u-nuk-heq-dore-nga-kerkesat\/","title":{"rendered":"VAZHDON GREVA N\u00cb ARSIM, SBASHK-U NUK HEQ DOR\u00cb NGA K\u00cbRKESAT"},"content":{"rendered":"<p>SBASHK-u p\u00ebrmes nj\u00eb komunikate p\u00ebr media ka p\u00ebrkujtuar ministrin e Arsimit, Shyqiri Bytyqi dhe drejtorit\u00eb arsimore komunale t\u00eb angazhohen p\u00ebr realizimin e k\u00ebrkes\u00ebs p\u00ebr ngritjen e pagave dhe t\u00eb mos t\u00eb b\u00ebjn\u00eb presione kund\u00ebr grevist\u00ebve pasi kjo \u00ebsht\u00eb e ndaluar me ligj dhe n\u00ebse ndodh nj\u00eb gj\u00eb e till\u00eb at\u00ebher\u00eb do t\u00eb ngre padi.<\/p>\n<p>\u201cEdhe n\u00eb dit\u00ebn e kat\u00ebrt, bazuar n\u00eb raportet nga \u00e7erdhet, shkollat fillore e t\u00eb mesme dhe universitetet  t\u00eb gjitha institucionet arsimore t\u00eb Kosov\u00ebs ishin n\u00eb grev\u00eb t\u00eb p\u00ebrgjithshme, thuhet n\u00eb njoftimin e SBASHK-ut.<\/p>\n<p>Gjat\u00eb dit\u00ebs, kryetari i SBASHK-ut  Rrahman Jasharaj me bashk\u00ebpun\u00ebtor\u00ebt  kan\u00eb  vizituar disa nga shkollat e komun\u00ebs s\u00eb Malishev\u00ebs dhe  Prizrenit, ku grevist\u00ebt n\u00eb t\u00eb gjitha k\u00ebto institucione  jan\u00eb shprehur se do t\u00eb  vazhdojn\u00eb  grev\u00ebn deri n\u00eb plot\u00ebsimin e k\u00ebrkes\u00ebs p\u00ebr p\u00ebrmir\u00ebsimin  e koeficienteve prej 30 %.<\/p>\n<p>Ndryshe, SBASHK-u i ka b\u00ebr\u00eb thirrje MASHT-it p\u00ebr nd\u00ebrprerjen e grev\u00ebs dhe kthimin e m\u00ebsimdh\u00ebn\u00ebsve n\u00eb procesin m\u00ebsimor, por k\u00ebta t\u00eb fundit jan\u00eb shprehur k\u00ebmb\u00ebngul\u00ebs se pa plot\u00ebsimin e k\u00ebrkes\u00ebs nuk do ta b\u00ebjn\u00eb nj\u00eb gj\u00eb t\u00eb till\u00eb, duke th\u00ebn\u00eb se greva mund t\u00eb zgjas\u00eb edhe me muaj.<\/p>\n","protected":false},"excerpt":{"rendered":"<p>SBASHK-u p\u00ebrmes nj\u00eb komunikate p\u00ebr media ka p\u00ebrkujtuar ministrin e Arsimit, Shyqiri Bytyqi dhe drejtorit\u00eb arsimore komunale t\u00eb angazhohen p\u00ebr realizimin e k\u00ebrkes\u00ebs p\u00ebr ngritjen e pagave dhe t\u00eb mos t\u00eb b\u00ebjn\u00eb presione kund\u00ebr grevist\u00ebve pasi kjo \u00ebsht\u00eb e ndaluar me ligj dhe n\u00ebse ndodh nj\u00eb gj\u00eb e till\u00eb at\u00ebher\u00eb do t\u00eb ngre padi. \u201cEdhe [&hellip;]<\/p>\n","protected":false},"author":1,"featured_media":31783,"comment_status":"closed","ping_status":"closed","sticky":false,"template":"","format":"standard","meta":{"footnotes":""},"categories":[5],"tags":[],"class_list":{"0":"post-32028","1":"post","2":"type-post","3":"status-publish","4":"format-standard","5":"has-post-thumbnail","7":"category-lajme"},"_links":{"self":[{"href":"https:\/\/radiostargjilan.com\/web\/wp-json\/wp\/v2\/posts\/32028","targetHints":{"allow":["GET"]}}],"collection":[{"href":"https:\/\/radiostargjilan.com\/web\/wp-json\/wp\/v2\/posts"}],"about":[{"href":"https:\/\/radiostargjilan.com\/web\/wp-json\/wp\/v2\/types\/post"}],"author":[{"embeddable":true,"href":"https:\/\/radiostargjilan.com\/web\/wp-json\/wp\/v2\/users\/1"}],"replies":[{"embeddable":true,"href":"https:\/\/radiostargjilan.com\/web\/wp-json\/wp\/v2\/comments?post=32028"}],"version-history":[{"count":0,"href":"https:\/\/radiostargjilan.com\/web\/wp-json\/wp\/v2\/posts\/32028\/revisions"}],"wp:featuredmedia":[{"embeddable":true,"href":"https:\/\/radiostargjilan.com\/web\/wp-json\/wp\/v2\/media\/31783"}],"wp:attachment":[{"href":"https:\/\/radiostargjilan.com\/web\/wp-json\/wp\/v2\/media?parent=32028"}],"wp:term":[{"taxonomy":"category","embeddable":true,"href":"https:\/\/radiostargjilan.com\/web\/wp-json\/wp\/v2\/categories?post=32028"},{"taxonomy":"post_tag","embeddable":true,"href":"https:\/\/radiostargjilan.com\/web\/wp-json\/wp\/v2\/tags?post=32028"}],"curies":[{"name":"wp","href":"https:\/\/api.w.org\/{rel}","templated":true}]}}