{"id":32388,"date":"2019-01-22T14:38:00","date_gmt":"2019-01-22T14:38:00","guid":{"rendered":"http:\/\/radiostargjilan.com\/web\/?p=32388"},"modified":"2019-01-22T14:38:00","modified_gmt":"2019-01-22T14:38:00","slug":"cdo-qytetar-e-mesimdhenes-duhet-ta-lexoj-shkruar-nga-murat-mustafa-mesimdhenes-nga-gjilani","status":"publish","type":"post","link":"https:\/\/radiostargjilan.com\/web\/cdo-qytetar-e-mesimdhenes-duhet-ta-lexoj-shkruar-nga-murat-mustafa-mesimdhenes-nga-gjilani\/","title":{"rendered":"\u00c7do qytetar e m\u00ebsimdh\u00ebn\u00ebs duhet ta lexoj shkruar nga Murat Mustafa m\u00ebsimdh\u00ebn\u00ebs nga Gjilani"},"content":{"rendered":"<p>Shkruar nga: Murat Mustafa m\u00ebsimdh\u00ebn\u00ebs nga Gjilani<br \/>\nT\u00eb nderuar qytetar e prind\u00ebr, mos harroni q\u00eb p\u00ebrve\u00e7 f\u00ebmij\u00ebve tan\u00eb biologjik\u00eb, f\u00ebmij\u00ebt e juaj ne i konsiderojm\u00eb si f\u00ebmij\u00ebt tan\u00eb deri sa jan\u00eb n\u00eb shkoll\u00eb, pra aq sa ju duam f\u00ebmij\u00ebve tan\u00eb t\u00eb mirat, duam edhe p\u00ebr f\u00ebmij\u00ebt tuaj.<br \/>\nNd\u00ebrprisni grev\u00ebn po thon\u00eb institucionet e t\u00eb cilat vet na kan\u00eb prua n\u00eb k\u00ebt\u00eb gjendje, po ashtu nj\u00eb num\u00ebr i vog\u00ebl i prind\u00ebrve,n\u00eb krye t\u00eb cil\u00ebve \u00ebsht\u00eb nj\u00eb i zgjedhur politik dhe disa analist\u00eb q\u00eb e din\u00eb \u201cshum\u00eb mir\u00eb alfabetin\u201d.<br \/>\nPo, greva mund t\u00eb nd\u00ebrpritet qysh sot, sepse \u00e7el\u00ebsi i zgjidhjes \u00ebsht\u00eb tek institucionet. Ose b\u00ebni ngritjen e koeficientit p\u00ebr 30%,dhe greva nd\u00ebrpritet, e n\u00ebse rritja \u00ebsht\u00eb e pap\u00ebrballueshme si\u00e7 po thon\u00eb, at\u00ebher\u00eb t\u00ebrhiqeni projektligjin e pagave dhe filloni nga e para.<br \/>\nShum\u00eb qytetar\u00eb po pyesin, pse po k\u00ebrkojn\u00eb rritje t\u00eb pag\u00ebs arsimtar\u00ebt, kur boll i kan\u00eb ato q\u00eb i marrin! Arsimtar\u00ebt nuk po k\u00ebrkojn\u00eb rritje t\u00eb pag\u00ebs, por rangimin m\u00eb t\u00eb mire dhe t\u00eb merituar n\u00eb projektligjin e pagave. Dyshoj shum\u00eb q\u00eb disa individ t\u00eb caktuar q\u00eb jan\u00eb servil\u00eb ndaj institucioneve p\u00ebrhapin dezinformata se m\u00ebsuesit po k\u00ebrkojn\u00eb rritje t\u00eb pagave.<br \/>\nEdhe nj\u00eb here dua t\u2019ju jap sqarim pse jemi n\u00eb grev\u00eb. Jemi n\u00eb grev\u00eb p\u00ebr shkak rangimit shum\u00eb t\u00eb ul\u00ebt. Prej 1-12 q\u00eb jan\u00eb kategorizua sektor\u00ebt, m\u00ebsimdh\u00ebn\u00ebsit jan\u00eb rangu me kofecient 2, do em th\u00ebn\u00eb t\u00eb parafundit. K\u00ebto sqarime po m\u00eb kujton th\u00ebnien:\u201dNdaq foli Zejn\u00ebs e ndaq sten\u00ebs\u201d.<br \/>\nT\u00eb nderuar qytetar\u00eb dhe ju prind\u00ebr t\u00eb respektuar, shum\u00eb leht\u00eb \u00ebsht\u00eb t\u00eb na akuzoni, e t\u00eb na ofendoni, por realiteti nuk \u00ebsht\u00eb ashtu si\u00e7 mendoni apo si thoni ju.<br \/>\nSikur t\u00eb varej nga m\u00ebsimdh\u00ebn\u00ebsit ,ne sot pun\u00ebt si shoq\u00ebri do t\u2019i kishim shum\u00eb m\u00eb mir\u00eb. Para se t\u00eb na akuzoni e t\u00eb na ofendoni, duhet t\u2019i dini shum\u00eb gj\u00ebra dhe t\u2019i b\u00ebni disa pyetje n\u00eb adres\u00ebn e duhur, sepse adresa juaj \u00ebsht\u00eb e gabuar. Pra, adresa dhe pyetjet duhet t\u2019i b\u00ebni diku tjet\u00ebr,nd\u00ebrsa \u00e7far\u00eb t\u00eb pyesim jan\u00eb 1001, por un\u00eb vet\u00ebm disa po ju tregoj.<br \/>\nPse nuk po ankoheni p\u00ebr humbjen e 80 milion eurove nga Trusti?<br \/>\nPse nuk ankoheni p\u00ebr faljen e 60 milion eurove Bechtelit?<br \/>\nPse nuk po ankoheni p\u00ebr 500.000 euro q\u00eb i marrin avokat\u00ebt p\u00ebr mbrojtje nga Specialja?<br \/>\nPse nuk po reagoni q\u00eb nj\u00eb avokat nd\u00ebrkomb\u00ebtar vet\u00ebm p\u00ebr nj\u00eb dit\u00eb paguhet 2500 euro?<br \/>\nPse nuk reagoni p\u00ebr \u201dqytetar\u00ebt\u201d e pushtetit q\u00eb mundohen me mish e me shpirt, q\u00eb edhe pas mandatit t\u00eb ken\u00eb nj\u00eb pag\u00eb goxha t\u00eb mire?<br \/>\nPse nuk po ankoheni q\u00eb po helmoheni \u00e7do dit\u00eb e m\u00eb shum\u00eb?<br \/>\nPse nuk ankoheni p\u00ebr faktin se nj\u00eb deputet merr edhe nj\u00eb page tjet\u00ebr nga m\u00ebditjet?<br \/>\nPse nuk reaguat p\u00ebr deputet\u00ebt q\u00eb 6 muaj mor\u00ebn paga edhe pse me asnj\u00eb seanc\u00eb t\u00eb mbajtur?<br \/>\nPse nuk ka reagime q\u00eb nj\u00eb drejtor i nj\u00eb institucioni merr pag\u00eb mujore sa 14 m\u00ebsimdh\u00ebn\u00ebs (sa nj\u00eb shkoll\u00eb fshati)?!<br \/>\nPse, nuk ka reagime q\u00eb nj\u00eb m\u00ebsimdh\u00ebn\u00ebs p\u00ebr nj\u00eb vit t\u00eb plot\u00eb nuk mund ta arrij shifr\u00ebn e pag\u00ebs mujore s\u00eb nj\u00eb drejtori, sepse nj\u00eb m\u00ebsues merr 5400 euro p\u00ebr nj\u00eb vit, nd\u00ebrsa drejtori i Trustit merr mbi 6000 euro?<br \/>\nPse nuk reagoni p\u00ebr m\u00ebsimdh\u00ebn\u00ebsit q\u00eb punuan p\u00ebr nj\u00eb dekad\u00eb pa paga, tash pensionohen me 75 euro?<br \/>\nPse nuk reagoni q\u00eb m\u00ebsimdh\u00ebn\u00ebsi mos t\u00eb ket\u00eb profesione tjera shembull moler, kamerier.., normal se ky profesion \u00ebsht\u00eb pa d\u00ebshir\u00ebn e tij sepse duhet t\u00eb mbijetoj apo t\u00eb mbaj familjen, ngase paga \u00ebsht\u00eb \u201cshum\u00eb e lart\u00eb\u2019\u2019?<br \/>\nPse nuk reagoni n\u00eb faktin se m\u00ebsuesit tan\u00eb sot k\u00ebrkojn\u00eb l\u00ebmosh\u00eb p\u00ebr nj\u00eb trajtim mjek\u00ebsor?<br \/>\nPse nuk b\u00ebni krahasime edhe p\u00ebr sigurimet sh\u00ebndet\u00ebsore kur po i b\u00ebni krahasimet e pagave n\u00eb rajon?<br \/>\nPse nuk reagoni q\u00eb shum\u00eb m\u00ebsimdh\u00ebn\u00ebs k\u00ebrkojn\u00eb l\u00ebmosh tek ju p\u00ebr sh\u00ebrim?<br \/>\nPse nuk ankoheni q\u00eb f\u00ebmij\u00ebt tuaj nuk kan\u00eb kushte n\u00eb m\u00ebsimx\u00ebnie si bashk\u00ebmoshatar\u00ebt e tij n\u00eb vendet fqinje, por ankoheni n\u00eb pagat e larta dhe koh\u00ebn e shkurt\u00ebr t\u00eb m\u00ebsimdh\u00ebn\u00ebsve.<br \/>\nPse nuk reagoni ndaj deputet\u00ebve, ministrave,e politikan\u00ebve, e niveleve tjera q\u00eb luajn\u00eb ose flen\u00eb mbi laptop\u00ebt e falur nga qeveria, nd\u00ebrsa nx\u00ebn\u00ebsit tan\u00eb, vazhdojn\u00eb rrug\u00ebn e prind\u00ebrve, gjysh\u00ebrve e st\u00ebrgjysh\u00ebrve t\u00eb tyre me d\u00ebrrasa t\u00eb zeza, shkum\u00ebs e shpuz\u00eb?<br \/>\nPse nuk reagoni q\u00eb f\u00ebmij\u00ebt e juaj e nx\u00ebn\u00ebsit tan\u00eb, n\u00eb or\u00ebt e kimis\u00eb, fizik\u00ebs, biologjis\u00eb, gjeografis\u00eb ,etj. akoma m\u00ebsojn\u00eb vet\u00ebm n\u00eb libra e nga librat, or\u00ebt e edukat\u00ebs fizike akoma mbahen n\u00ebp\u00ebr klasa, sepse mungojn\u00eb sallat e edukat\u00ebs fizike, mungojn\u00eb fushat sportive, mungon e \u00e7ka s`mungon\u2026?<br \/>\nPara se t\u00eb ankoheni ndaj m\u00ebsuesit,para se t\u2019i ofendoni, \u00ebsht\u00eb mir\u00eb t\u2019i dini edhe k\u00ebto.<br \/>\nShum\u00eb prind\u00ebr nuk e din\u00eb cil\u00ebn paralele \u00ebsht\u00eb f\u00ebmija i tij apo kujdestar kush \u00ebsht\u00eb, sepse kurr\u00eb n\u00eb shkoll\u00eb nuk ka qen\u00eb?<br \/>\nShum\u00eb prind\u00ebr nuk mund ta durojn\u00eb n\u00eb sht\u00ebpi f\u00ebmij\u00ebn e tyre nd\u00ebrsa ne e durojm\u00eb edhe pse ka mbi 200 mungesa, pastaj q\u00eb krijon probleme, ofendime, k\u00ebrc\u00ebnime e gjith\u00e7ka tjet\u00ebr!<br \/>\nE dini ju prind\u00ebr q\u00eb nga f\u00ebmij\u00ebt e juaj e nx\u00ebn\u00ebsit tan\u00eb jan\u00eb grushtua shum\u00eb m\u00ebsimdh\u00ebn\u00ebs-e?<br \/>\nE dini, q\u00eb n\u00eb fund t\u00eb gushtit apo n\u00eb fillim shtatorit \u00e7ka thon\u00eb p\u00ebr f\u00ebmij\u00ebt e tyre, shyqyr q\u00eb po hapet kjo shkoll\u00eb se mend na lujt\u00ebn (edhe k\u00ebto dit\u00eb greve po d\u00ebgjojm\u00eb k\u00ebso fjal\u00eb)?<br \/>\nE dini q\u00eb shum\u00eb f\u00ebmij\u00eb vijojn\u00eb m\u00ebsimin me vet\u00ebm nj\u00eb fletore?<br \/>\nE dini q\u00eb shum\u00eb f\u00ebmij\u00eb, nx\u00ebn\u00ebse kan\u00eb vet\u00ebm uniform\u00ebn dhe shminkat?<br \/>\nE dini q\u00eb shum\u00eb prej f\u00ebmij\u00ebve nuk e nd\u00ebrrojn\u00eb orarin, shtator -qershor!<br \/>\nE dini q\u00eb disa prind\u00ebr vijn\u00eb te shkolla dhe thon\u00eb: \u201ckshyr allahile bonja dyqysh se mu nuk po m\u00eb ngo\u2019 f\u00ebmija im?!\u201d<br \/>\nE dini q\u00eb n\u00eb fund t\u00eb vitit shum\u00eb prind\u00ebr na \u201cthyejn\u00eb\u201d dyert duke intervenuar te kujdestari i klas\u00ebs p\u00ebr rritjen e notave?<br \/>\nSigurisht e dini q\u00eb para testit s\u00eb arritshm\u00ebris\u00eb apo matur\u00ebs b\u00ebni gjith\u00e7ka (e furnizoni me 4G dhe 3G telefonat) q\u00eb f\u00ebmija yt ta kalon testin?<br \/>\nT\u00eb nderuar e t\u00eb respektuar prind\u00ebr , a mund t\u2019iu akuzoj t\u00eb gjith\u00ebve se jeni t\u00eb pap\u00ebrgjegjsh\u00ebm? Absolut jo. Ashtu edhe ju nuk keni t\u00eb drejt\u00eb kur thoni \u201cgjith\u00eb m\u00ebsimdh\u00ebn\u00ebsit\u201d jan\u00eb t\u00eb nj\u00ebjt\u00eb.<br \/>\nPra,sikur q\u00eb ka prind\u00ebr q\u00eb jan\u00eb t\u00eb pap\u00ebrgjegjsh\u00ebm , nuk e p\u00ebrjashtojm\u00eb q\u00eb ka edhe m\u00ebsimdh\u00ebn\u00ebs\/e ,por secili fajin ta mbaj mbi veti dhe nd\u00ebrgjegjen e tij.<br \/>\nPersonalisht un\u00eb dhe shum\u00eb koleg\/e mundohemi t\u00eb jemi t\u00eb p\u00ebrgjegjsh\u00ebm n\u00eb at\u00eb \u00e7ka paguhemi e p\u00ebr k\u00ebt\u00eb na vler\u00ebsoni ju prind\u00ebr dhe nx\u00ebn\u00ebsit\/f\u00ebmij\u00ebt.<br \/>\nP\u00ebr t\u00eb gjith\u00eb ju q\u00eb po mendoni t\u00eb na \u201cz\u00ebvend\u00ebsoni\u201d i kam nja dy-tre fjal\u00eb. \u201cT\u00eb edukosh duhet t\u00eb jesh vet\u00eb i edukuar, q\u00eb t\u00eb m\u00ebsosh dik\u00eb duhet t\u00eb jesh i arsimuar\u201d.<br \/>\nPra , puna e m\u00ebsimdh\u00ebn\u00ebsit nuk \u00ebsht\u00eb vet\u00ebm dija, por edhe edukata. P\u00ebr sa jemi t\u00eb edukuar si shoq\u00ebri dihet.<br \/>\nMe k\u00ebt\u00eb dua t\u00eb them se jo \u00e7do kush q\u00eb p\u00ebrfundon ndonj\u00eb fakultet duhet patjet\u00ebr t\u00eb jet\u00eb m\u00ebsimdh\u00ebn\u00ebs.<\/p>\n","protected":false},"excerpt":{"rendered":"<p>Shkruar nga: Murat Mustafa m\u00ebsimdh\u00ebn\u00ebs nga Gjilani T\u00eb nderuar qytetar e prind\u00ebr, mos harroni q\u00eb p\u00ebrve\u00e7 f\u00ebmij\u00ebve tan\u00eb biologjik\u00eb, f\u00ebmij\u00ebt e juaj ne i konsiderojm\u00eb si f\u00ebmij\u00ebt tan\u00eb deri sa jan\u00eb n\u00eb shkoll\u00eb, pra aq sa ju duam f\u00ebmij\u00ebve tan\u00eb t\u00eb mirat, duam edhe p\u00ebr f\u00ebmij\u00ebt tuaj. Nd\u00ebrprisni grev\u00ebn po thon\u00eb institucionet e t\u00eb cilat [&hellip;]<\/p>\n","protected":false},"author":1,"featured_media":32389,"comment_status":"closed","ping_status":"closed","sticky":false,"template":"","format":"standard","meta":{"footnotes":""},"categories":[5],"tags":[],"class_list":{"0":"post-32388","1":"post","2":"type-post","3":"status-publish","4":"format-standard","5":"has-post-thumbnail","7":"category-lajme"},"_links":{"self":[{"href":"https:\/\/radiostargjilan.com\/web\/wp-json\/wp\/v2\/posts\/32388","targetHints":{"allow":["GET"]}}],"collection":[{"href":"https:\/\/radiostargjilan.com\/web\/wp-json\/wp\/v2\/posts"}],"about":[{"href":"https:\/\/radiostargjilan.com\/web\/wp-json\/wp\/v2\/types\/post"}],"author":[{"embeddable":true,"href":"https:\/\/radiostargjilan.com\/web\/wp-json\/wp\/v2\/users\/1"}],"replies":[{"embeddable":true,"href":"https:\/\/radiostargjilan.com\/web\/wp-json\/wp\/v2\/comments?post=32388"}],"version-history":[{"count":0,"href":"https:\/\/radiostargjilan.com\/web\/wp-json\/wp\/v2\/posts\/32388\/revisions"}],"wp:featuredmedia":[{"embeddable":true,"href":"https:\/\/radiostargjilan.com\/web\/wp-json\/wp\/v2\/media\/32389"}],"wp:attachment":[{"href":"https:\/\/radiostargjilan.com\/web\/wp-json\/wp\/v2\/media?parent=32388"}],"wp:term":[{"taxonomy":"category","embeddable":true,"href":"https:\/\/radiostargjilan.com\/web\/wp-json\/wp\/v2\/categories?post=32388"},{"taxonomy":"post_tag","embeddable":true,"href":"https:\/\/radiostargjilan.com\/web\/wp-json\/wp\/v2\/tags?post=32388"}],"curies":[{"name":"wp","href":"https:\/\/api.w.org\/{rel}","templated":true}]}}