{"id":32391,"date":"2019-01-22T15:54:03","date_gmt":"2019-01-22T15:54:03","guid":{"rendered":"http:\/\/radiostargjilan.com\/web\/?p=32391"},"modified":"2019-01-22T15:54:03","modified_gmt":"2019-01-22T15:54:03","slug":"prinderit-thelbi-i-kerkeses-se-sbashk-ut-puro-politik","status":"publish","type":"post","link":"https:\/\/radiostargjilan.com\/web\/prinderit-thelbi-i-kerkeses-se-sbashk-ut-puro-politik\/","title":{"rendered":"PRIND\u00cbRIT: THELBI I K\u00cbRKES\u00cbS S\u00cb SBASHK-UT, PURO POLITIK"},"content":{"rendered":"<p>K\u00ebshilli i Prind\u00ebrve t\u00eb Kosov\u00ebs n\u00eb nj\u00eb let\u00ebr p\u00ebr kryeministrin Ramush Haradinaj pasi Sindikata e Bashkuar e Arsimit, Shkenc\u00ebs dhe Kultur\u00ebs nuk pranoi rritjen e koeficientit prej 0.2 ka th\u00ebn\u00eb se thelbi i k\u00ebrkes\u00ebs s\u00eb k\u00ebsaj sindikate \u00ebsht\u00eb politik.<\/p>\n<p>\u201cVeprimet e fundit t\u00eb SBASHK-ut me t\u00eb cilin refuzuan ofert\u00ebn e Qeveris\u00eb p\u00ebr rritje t\u00eb koeficienteve t\u00eb pag\u00ebs s\u00eb m\u00ebsimdh\u00ebn\u00ebsve p\u00ebr 0.20 dhe p\u00ebr ta vazhduar grev\u00ebn, tregojn\u00eb p\u00ebrfundimisht se thelbi i k\u00ebrkes\u00ebs s\u00eb SBASHK-ut nuk ka karakter social, por puro politik\u201d, thuhet n\u00eb letr\u00ebn e KPK-s\u00eb.<\/p>\n<p>N\u00eb k\u00ebt\u00eb let\u00ebr, prind\u00ebrit vler\u00ebsojn\u00eb se po d\u00ebmtohen interesat e 359 mij\u00eb f\u00ebmij\u00ebve n\u00eb Kosov\u00eb.<\/p>\n<p>Duke par\u00eb \u201crrezikun q\u00eb greva t\u00eb vazhdoj\u00eb deri n\u00eb qershor\u201d, KPK ka k\u00ebrkuar nga qeveria q\u00eb t\u00eb mbrohet e drejta p\u00ebr arsimim n\u00eb vend.<\/p>\n<p>KPK ka k\u00ebrkuar q\u00eb urgjentisht t\u00eb b\u00ebhet ndryshimi i Ligjit p\u00ebr Greva dhe t\u2019u pamund\u00ebsohet mbajtja e grev\u00ebs edhe pun\u00ebtor\u00ebve t\u00eb arsimit, nj\u00ebjt\u00eb si\u00e7 vlen edhe p\u00ebr Policin\u00eb, FSK-n\u00eb, Zjarrfik\u00ebsit dhe Sh\u00ebrbimet Emergjente Sh\u00ebndet\u00ebsore.<\/p>\n<p>\u201cNdryshe, edhe sikur t\u2019iu realizohet n\u00eb plotni k\u00ebrkesa aktuale, kjo sindikat\u00eb n\u00eb t\u00eb ardhmen prap\u00eb do t\u00eb b\u00ebj\u00eb greva sikurse ka b\u00ebr\u00eb n\u00eb t\u00eb kaluar\u00ebn dhe se do t\u00eb vazhdoj \u00eb ta d\u00ebmtoj\u00eb interesin e f\u00ebmij\u00ebve\u201d, thuhet n\u00eb k\u00ebt\u00eb let\u00ebr.<\/p>\n<p>\u201cNuk kemi t\u00eb b\u00ebjm\u00eb me mentalitet sindikal sikurse Gjermani dhe gjetiu n\u00eb Evrop\u00ebn demokratike, por p\u00ebr Ballkan. Prandaj ju ftojm\u00eb q\u00eb ta mbyllni k\u00ebt\u00eb vrim\u00eb t\u00eb zez\u00eb \u2013 zbraz\u00ebti ligjore q\u00eb po shkat\u00ebrron arsimi vit p\u00ebr vit respektivisht po e cenon t\u00eb drejt\u00ebn e f\u00ebmij\u00ebve tan\u00eb p\u00ebr arsimim\u201d, thuhet n\u00eb fund t\u00eb letr\u00ebs drejt kryeministrit nga prind\u00ebrit.<\/p>\n","protected":false},"excerpt":{"rendered":"<p>K\u00ebshilli i Prind\u00ebrve t\u00eb Kosov\u00ebs n\u00eb nj\u00eb let\u00ebr p\u00ebr kryeministrin Ramush Haradinaj pasi Sindikata e Bashkuar e Arsimit, Shkenc\u00ebs dhe Kultur\u00ebs nuk pranoi rritjen e koeficientit prej 0.2 ka th\u00ebn\u00eb se thelbi i k\u00ebrkes\u00ebs s\u00eb k\u00ebsaj sindikate \u00ebsht\u00eb politik. \u201cVeprimet e fundit t\u00eb SBASHK-ut me t\u00eb cilin refuzuan ofert\u00ebn e Qeveris\u00eb p\u00ebr rritje t\u00eb koeficienteve [&hellip;]<\/p>\n","protected":false},"author":1,"featured_media":32261,"comment_status":"closed","ping_status":"closed","sticky":false,"template":"","format":"standard","meta":{"footnotes":""},"categories":[5],"tags":[],"class_list":{"0":"post-32391","1":"post","2":"type-post","3":"status-publish","4":"format-standard","5":"has-post-thumbnail","7":"category-lajme"},"_links":{"self":[{"href":"https:\/\/radiostargjilan.com\/web\/wp-json\/wp\/v2\/posts\/32391","targetHints":{"allow":["GET"]}}],"collection":[{"href":"https:\/\/radiostargjilan.com\/web\/wp-json\/wp\/v2\/posts"}],"about":[{"href":"https:\/\/radiostargjilan.com\/web\/wp-json\/wp\/v2\/types\/post"}],"author":[{"embeddable":true,"href":"https:\/\/radiostargjilan.com\/web\/wp-json\/wp\/v2\/users\/1"}],"replies":[{"embeddable":true,"href":"https:\/\/radiostargjilan.com\/web\/wp-json\/wp\/v2\/comments?post=32391"}],"version-history":[{"count":0,"href":"https:\/\/radiostargjilan.com\/web\/wp-json\/wp\/v2\/posts\/32391\/revisions"}],"wp:featuredmedia":[{"embeddable":true,"href":"https:\/\/radiostargjilan.com\/web\/wp-json\/wp\/v2\/media\/32261"}],"wp:attachment":[{"href":"https:\/\/radiostargjilan.com\/web\/wp-json\/wp\/v2\/media?parent=32391"}],"wp:term":[{"taxonomy":"category","embeddable":true,"href":"https:\/\/radiostargjilan.com\/web\/wp-json\/wp\/v2\/categories?post=32391"},{"taxonomy":"post_tag","embeddable":true,"href":"https:\/\/radiostargjilan.com\/web\/wp-json\/wp\/v2\/tags?post=32391"}],"curies":[{"name":"wp","href":"https:\/\/api.w.org\/{rel}","templated":true}]}}