{"id":32502,"date":"2019-01-24T12:31:17","date_gmt":"2019-01-24T12:31:17","guid":{"rendered":"http:\/\/radiostargjilan.com\/web\/?p=32502"},"modified":"2019-01-24T12:31:17","modified_gmt":"2019-01-24T12:31:17","slug":"vershimet-e-shpejta-pritet-ta-perfshijne-kosoven","status":"publish","type":"post","link":"https:\/\/radiostargjilan.com\/web\/vershimet-e-shpejta-pritet-ta-perfshijne-kosoven\/","title":{"rendered":"V\u00ebrshimet e shpejta pritet ta p\u00ebrfshijn\u00eb Kosov\u00ebn"},"content":{"rendered":"<p>Kosova brenda pak dit\u00ebsh mund t\u00eb p\u00ebrfshihet nga v\u00ebrshime t\u00eb shpejta.<\/p>\n<p>K\u00ebshtu ka paralajm\u00ebruar njoh\u00ebs i \u00e7\u00ebshtjeve t\u00eb emergjencave dhe nj\u00ebher\u00ebsh bashk\u00ebthemelues i Qendr\u00ebs K\u00ebrkimore p\u00ebr Politika t\u00eb Siguris\u00eb (SPRC), Tahir Ahmeti i cili ka vler\u00ebsuar se tani kur jemi n\u00eb muajt n\u00eb t\u00eb cil\u00ebt kemi reshje atmosferike m\u00eb t\u00eb shpeshta dhe m\u00eb t\u00eb dendura, si dhe duke u bazuar edhe n\u00eb vitet paraprake, v\u00ebrshimet e shpejta jan\u00eb shum\u00eb t\u00eb mundshme n\u00eb vendin ton\u00eb.<\/p>\n<p>Andaj, sipas tij, institucionet p\u00ebrgjegj\u00ebse n\u00eb Kosov\u00eb, si ato qendrore ashtu edhe ato lokale, var\u00ebsisht prej p\u00ebrgjegj\u00ebsive q\u00eb kan\u00eb, duhet q\u00eb me koh\u00eb t\u00eb marrin masat e duhura preventive, dhe jo t\u00eb presin p\u00ebrkeq\u00ebsimin e motit dhe t\u00eb reshurat atmosferike q\u00eb shkaktojn\u00eb v\u00ebrshime, si\u00e7 ka ndodh pothuajse \u00e7do vit, tek pastaj t\u00eb reagojn\u00eb.<\/p>\n<p>\u201cSi mas\u00eb parandaluese p\u00ebr nj\u00eb nd\u00ebr shkaktar\u00ebt kryesor\u00eb t\u00eb v\u00ebrshimeve thuajse t\u00eb p\u00ebrvjetshme n\u00eb disa lokalitete n\u00eb Kosov\u00eb, (q\u00eb ve\u00e7 \u00ebsht\u00eb dasht\u00eb t\u00eb nd\u00ebrmerret deri me tani), \u00ebsht\u00eb edhe rregullimi i shtret\u00ebrve t\u00eb lumenjve, kanaleve kulluese apo prrockave, n\u00eb m\u00ebnyr\u00eb q\u00eb t\u00eb pengohet dalja e ujit nga shtret\u00ebrit dhe shkaktimi i p\u00ebrmbytjeve\u201d, ka shkruar ai.<\/p>\n","protected":false},"excerpt":{"rendered":"<p>Kosova brenda pak dit\u00ebsh mund t\u00eb p\u00ebrfshihet nga v\u00ebrshime t\u00eb shpejta. K\u00ebshtu ka paralajm\u00ebruar njoh\u00ebs i \u00e7\u00ebshtjeve t\u00eb emergjencave dhe nj\u00ebher\u00ebsh bashk\u00ebthemelues i Qendr\u00ebs K\u00ebrkimore p\u00ebr Politika t\u00eb Siguris\u00eb (SPRC), Tahir Ahmeti i cili ka vler\u00ebsuar se tani kur jemi n\u00eb muajt n\u00eb t\u00eb cil\u00ebt kemi reshje atmosferike m\u00eb t\u00eb shpeshta dhe m\u00eb t\u00eb dendura, [&hellip;]<\/p>\n","protected":false},"author":1,"featured_media":32503,"comment_status":"closed","ping_status":"closed","sticky":false,"template":"","format":"standard","meta":{"footnotes":""},"categories":[5],"tags":[],"class_list":{"0":"post-32502","1":"post","2":"type-post","3":"status-publish","4":"format-standard","5":"has-post-thumbnail","7":"category-lajme"},"_links":{"self":[{"href":"https:\/\/radiostargjilan.com\/web\/wp-json\/wp\/v2\/posts\/32502","targetHints":{"allow":["GET"]}}],"collection":[{"href":"https:\/\/radiostargjilan.com\/web\/wp-json\/wp\/v2\/posts"}],"about":[{"href":"https:\/\/radiostargjilan.com\/web\/wp-json\/wp\/v2\/types\/post"}],"author":[{"embeddable":true,"href":"https:\/\/radiostargjilan.com\/web\/wp-json\/wp\/v2\/users\/1"}],"replies":[{"embeddable":true,"href":"https:\/\/radiostargjilan.com\/web\/wp-json\/wp\/v2\/comments?post=32502"}],"version-history":[{"count":0,"href":"https:\/\/radiostargjilan.com\/web\/wp-json\/wp\/v2\/posts\/32502\/revisions"}],"wp:featuredmedia":[{"embeddable":true,"href":"https:\/\/radiostargjilan.com\/web\/wp-json\/wp\/v2\/media\/32503"}],"wp:attachment":[{"href":"https:\/\/radiostargjilan.com\/web\/wp-json\/wp\/v2\/media?parent=32502"}],"wp:term":[{"taxonomy":"category","embeddable":true,"href":"https:\/\/radiostargjilan.com\/web\/wp-json\/wp\/v2\/categories?post=32502"},{"taxonomy":"post_tag","embeddable":true,"href":"https:\/\/radiostargjilan.com\/web\/wp-json\/wp\/v2\/tags?post=32502"}],"curies":[{"name":"wp","href":"https:\/\/api.w.org\/{rel}","templated":true}]}}