{"id":32642,"date":"2019-01-26T13:14:26","date_gmt":"2019-01-26T13:14:26","guid":{"rendered":"http:\/\/radiostargjilan.com\/web\/?p=32642"},"modified":"2019-01-26T13:14:26","modified_gmt":"2019-01-26T13:14:26","slug":"reshjet-e-bores-gjate-nates-bllokohet-rruga-per-ne-brezovice","status":"publish","type":"post","link":"https:\/\/radiostargjilan.com\/web\/reshjet-e-bores-gjate-nates-bllokohet-rruga-per-ne-brezovice\/","title":{"rendered":"Reshjet e bor\u00ebs gjat\u00eb nat\u00ebs: Bllokohet rruga p\u00ebr n\u00eb Brezovic\u00eb"},"content":{"rendered":"<p>Si pasoj\u00eb e reshjeve t\u00eb shumta t\u00eb bor\u00ebs, rruga p\u00ebr n\u00eb Brezovic\u00eb \u00ebsht\u00eb bllokuar. Bora atje ka arritur disa centimetra, q\u00eb pamund\u00ebson l\u00ebvizjen e automjeteve.<\/p>\n<p>K\u00ebt\u00eb lajm e ka konfirmuar p\u00ebr Klan Kosova Ilir Morina \u2013 kryeshefi i agjencis\u00eb p\u00ebr mbrojtjen e mjedisit n\u00eb Kosov\u00ebs, i cili tha se policia ka bllokuar rrug\u00ebn p\u00ebr shkak se nga m\u00ebngjesi jan\u00eb n\u00eb p\u00ebrpjekje p\u00ebr t\u00eb zhbllokuar at\u00eb.<\/p>\n<p><a href=\"https:\/\/radiostargjilan.com\/web\/2019\/01\/26\/reshjet-e-bores-gjate-nates-bllokohet-rruga-per-ne-brezovice\/762f58e0-6616-4867-b98e-1d02bfc0e89d\/\" rel=\"attachment wp-att-32643\"><img loading=\"lazy\" loading=\"lazy\" decoding=\"async\" src=\"https:\/\/radiostargjilan.com\/web\/wp-content\/uploads\/2019\/01\/762F58E0-6616-4867-B98E-1D02BFC0E89D.jpeg\" alt=\"\" width=\"540\" height=\"790\" class=\"aligncenter size-full wp-image-32643\" srcset=\"https:\/\/radiostargjilan.com\/web\/wp-content\/uploads\/2019\/01\/762F58E0-6616-4867-B98E-1D02BFC0E89D.jpeg 540w, https:\/\/radiostargjilan.com\/web\/wp-content\/uploads\/2019\/01\/762F58E0-6616-4867-B98E-1D02BFC0E89D-205x300.jpeg 205w\" sizes=\"auto, (max-width: 540px) 100vw, 540px\" \/><\/a><\/p>\n","protected":false},"excerpt":{"rendered":"<p>Si pasoj\u00eb e reshjeve t\u00eb shumta t\u00eb bor\u00ebs, rruga p\u00ebr n\u00eb Brezovic\u00eb \u00ebsht\u00eb bllokuar. Bora atje ka arritur disa centimetra, q\u00eb pamund\u00ebson l\u00ebvizjen e automjeteve. K\u00ebt\u00eb lajm e ka konfirmuar p\u00ebr Klan Kosova Ilir Morina \u2013 kryeshefi i agjencis\u00eb p\u00ebr mbrojtjen e mjedisit n\u00eb Kosov\u00ebs, i cili tha se policia ka bllokuar rrug\u00ebn p\u00ebr shkak [&hellip;]<\/p>\n","protected":false},"author":1,"featured_media":32643,"comment_status":"closed","ping_status":"closed","sticky":false,"template":"","format":"standard","meta":{"footnotes":""},"categories":[5],"tags":[],"class_list":{"0":"post-32642","1":"post","2":"type-post","3":"status-publish","4":"format-standard","5":"has-post-thumbnail","7":"category-lajme"},"_links":{"self":[{"href":"https:\/\/radiostargjilan.com\/web\/wp-json\/wp\/v2\/posts\/32642","targetHints":{"allow":["GET"]}}],"collection":[{"href":"https:\/\/radiostargjilan.com\/web\/wp-json\/wp\/v2\/posts"}],"about":[{"href":"https:\/\/radiostargjilan.com\/web\/wp-json\/wp\/v2\/types\/post"}],"author":[{"embeddable":true,"href":"https:\/\/radiostargjilan.com\/web\/wp-json\/wp\/v2\/users\/1"}],"replies":[{"embeddable":true,"href":"https:\/\/radiostargjilan.com\/web\/wp-json\/wp\/v2\/comments?post=32642"}],"version-history":[{"count":0,"href":"https:\/\/radiostargjilan.com\/web\/wp-json\/wp\/v2\/posts\/32642\/revisions"}],"wp:featuredmedia":[{"embeddable":true,"href":"https:\/\/radiostargjilan.com\/web\/wp-json\/wp\/v2\/media\/32643"}],"wp:attachment":[{"href":"https:\/\/radiostargjilan.com\/web\/wp-json\/wp\/v2\/media?parent=32642"}],"wp:term":[{"taxonomy":"category","embeddable":true,"href":"https:\/\/radiostargjilan.com\/web\/wp-json\/wp\/v2\/categories?post=32642"},{"taxonomy":"post_tag","embeddable":true,"href":"https:\/\/radiostargjilan.com\/web\/wp-json\/wp\/v2\/tags?post=32642"}],"curies":[{"name":"wp","href":"https:\/\/api.w.org\/{rel}","templated":true}]}}