{"id":32702,"date":"2019-01-26T19:53:01","date_gmt":"2019-01-26T19:53:01","guid":{"rendered":"http:\/\/radiostargjilan.com\/web\/?p=32702"},"modified":"2019-01-26T19:53:01","modified_gmt":"2019-01-26T19:53:01","slug":"zyrtari-i-qeverise-kercenon-grevistet-punoni-ose-te-shpallim-konkurse-per-punetore-te-rinj","status":"publish","type":"post","link":"https:\/\/radiostargjilan.com\/web\/zyrtari-i-qeverise-kercenon-grevistet-punoni-ose-te-shpallim-konkurse-per-punetore-te-rinj\/","title":{"rendered":"Zyrtari i Qeveris\u00eb k\u00ebrc\u00ebnon grevist\u00ebt: Punoni ose t\u00eb shpallim konkurse p\u00ebr pun\u00ebtor\u00eb t\u00eb rinj"},"content":{"rendered":"<p>Argjend Zejnaj \u00ebsht\u00eb zyrtar i AAK\u2019s\u00eb dhe i Qeveris\u00eb s\u00eb Kosov\u00ebs. K\u00ebshillon Ministrin e Infrastruktur\u00ebs, Pal Lekaj. P\u00ebr k\u00ebt\u00eb pun\u00eb paguhet m\u00eb shum\u00eb se 1 mij\u00eb euro. Sakt\u00ebsisht merr euro t\u00eb shtetit t\u00eb Kosov\u00ebs m\u00eb shum\u00eb se dy m\u00ebsues.<\/p>\n<p>Por, Shefi i Stafit t\u00eb Ministris\u00eb s\u00eb Infrastruktur\u00ebs, Argjend Zejnaj ka vendosur t\u00eb p\u00ebrdor\u00eb gjuh\u00eb k\u00ebrc\u00ebnuese ndaj gjith\u00eb atyre q\u00eb jan\u00eb n\u00eb greva dhe po paralajm\u00ebrojn\u00eb forma t\u00eb tilla t\u00eb presionit p\u00ebr t\u2019iu rritur pagat.<\/p>\n<p>S\u00eb fundmi kan\u00eb paralajm\u00ebruar edhe sh\u00ebrbyesit civil\u00eb se do t\u00eb hyjn\u00eb n\u00eb grev\u00eb sikurse m\u00ebsuesit. As kategoria e par\u00eb dhe as e dyta s\u2019kan\u00eb k\u00ebrkuar pag\u00eb prej nj\u00eb mij\u00eb eurosh.<\/p>\n<p>\u201cPra, thon\u00eb n\u00eb popull, \u201csi \u00ebsht\u00eb vendi, b\u00ebhet Kuvendi\u201d. Kur t\u00eb fillojm\u00eb me respektu vendin e pun\u00ebs, kemi t\u00eb drejt\u00eb me pas\u00eb k\u00ebrkesa, p\u00ebr rritje pagash e koficient\u00ebsh. Ndryshe, ose t\u2019i rikthehemi pun\u00ebs, ose do t\u00eb duhej me nxjerr\u00eb vendim, q\u00eb p\u00ebr vendet vakante, t\u00eb shpallej konkurs, n\u00eb afatin e parapar\u00eb ligjor\u201d, ka shkruar Zejnaj.<\/p>\n<p>Qeveria e udh\u00ebhequr prej shefit partiak t\u00eb Zejnajt vitin e kaluar kishte vendosur t\u2019ua dyfishonte pagat zyrtar\u00ebve qeveritar\u00eb, shkruan Gazeta Express.<\/p>\n<p>Askush prej zyrtar\u00ebve t\u00eb AAK\u2019s\u00eb s\u2019e kishte kund\u00ebrshtuar nj\u00eb vendim t\u00eb till\u00eb. Madje, as K\u00ebshilltari i Lekajt, Argjend Zejnaj, i cili kishte pasur pag\u00ebn 500 euro e i ishte ngritur n\u00eb 1 mij\u00eb e 50 euro.<\/p>\n","protected":false},"excerpt":{"rendered":"<p>Argjend Zejnaj \u00ebsht\u00eb zyrtar i AAK\u2019s\u00eb dhe i Qeveris\u00eb s\u00eb Kosov\u00ebs. K\u00ebshillon Ministrin e Infrastruktur\u00ebs, Pal Lekaj. P\u00ebr k\u00ebt\u00eb pun\u00eb paguhet m\u00eb shum\u00eb se 1 mij\u00eb euro. Sakt\u00ebsisht merr euro t\u00eb shtetit t\u00eb Kosov\u00ebs m\u00eb shum\u00eb se dy m\u00ebsues. Por, Shefi i Stafit t\u00eb Ministris\u00eb s\u00eb Infrastruktur\u00ebs, Argjend Zejnaj ka vendosur t\u00eb p\u00ebrdor\u00eb gjuh\u00eb k\u00ebrc\u00ebnuese [&hellip;]<\/p>\n","protected":false},"author":1,"featured_media":32703,"comment_status":"closed","ping_status":"closed","sticky":false,"template":"","format":"standard","meta":{"footnotes":""},"categories":[5],"tags":[],"class_list":{"0":"post-32702","1":"post","2":"type-post","3":"status-publish","4":"format-standard","5":"has-post-thumbnail","7":"category-lajme"},"_links":{"self":[{"href":"https:\/\/radiostargjilan.com\/web\/wp-json\/wp\/v2\/posts\/32702","targetHints":{"allow":["GET"]}}],"collection":[{"href":"https:\/\/radiostargjilan.com\/web\/wp-json\/wp\/v2\/posts"}],"about":[{"href":"https:\/\/radiostargjilan.com\/web\/wp-json\/wp\/v2\/types\/post"}],"author":[{"embeddable":true,"href":"https:\/\/radiostargjilan.com\/web\/wp-json\/wp\/v2\/users\/1"}],"replies":[{"embeddable":true,"href":"https:\/\/radiostargjilan.com\/web\/wp-json\/wp\/v2\/comments?post=32702"}],"version-history":[{"count":0,"href":"https:\/\/radiostargjilan.com\/web\/wp-json\/wp\/v2\/posts\/32702\/revisions"}],"wp:featuredmedia":[{"embeddable":true,"href":"https:\/\/radiostargjilan.com\/web\/wp-json\/wp\/v2\/media\/32703"}],"wp:attachment":[{"href":"https:\/\/radiostargjilan.com\/web\/wp-json\/wp\/v2\/media?parent=32702"}],"wp:term":[{"taxonomy":"category","embeddable":true,"href":"https:\/\/radiostargjilan.com\/web\/wp-json\/wp\/v2\/categories?post=32702"},{"taxonomy":"post_tag","embeddable":true,"href":"https:\/\/radiostargjilan.com\/web\/wp-json\/wp\/v2\/tags?post=32702"}],"curies":[{"name":"wp","href":"https:\/\/api.w.org\/{rel}","templated":true}]}}