{"id":33106,"date":"2019-01-31T18:37:12","date_gmt":"2019-01-31T18:37:12","guid":{"rendered":"http:\/\/radiostargjilan.com\/web\/?p=33106"},"modified":"2019-01-31T18:37:12","modified_gmt":"2019-01-31T18:37:12","slug":"nuk-zhvilluan-asnje-ore-mesimi-mesimdhenesit-marrin-pagat-e-janarit","status":"publish","type":"post","link":"https:\/\/radiostargjilan.com\/web\/nuk-zhvilluan-asnje-ore-mesimi-mesimdhenesit-marrin-pagat-e-janarit\/","title":{"rendered":"NUK ZHVILLUAN ASNJ\u00cb OR\u00cb M\u00cbSIMI, M\u00cbSIMDH\u00cbN\u00cbSIT MARRIN PAGAT E JANARIT"},"content":{"rendered":"<p>Ndon\u00ebse po hyjn\u00eb n\u00eb jav\u00ebn e tret\u00eb t\u00eb grev\u00ebs, sektori i Arsimit n\u00eb Kosov\u00eb, bashk\u00eb me an\u00ebtar\u00ebt e sindikat\u00ebs s\u00eb SBASHK-ut, kan\u00eb marr\u00eb pagat e muajit janar.<\/p>\n<p>Ministria e Financave sot ka b\u00ebr\u00eb ekzekutimin e pagave p\u00ebr muajin e par\u00eb t\u00eb vitit 2019-t\u00eb p\u00ebr t\u00eb gjith\u00eb sh\u00ebrbyesit e administrat\u00ebs publike, p\u00ebrfshir\u00eb edhe m\u00ebsimdh\u00ebn\u00ebsit, njofton Klan Kosova.<\/p>\n<p>Kjo ka ndodhur pavar\u00ebsisht kriz\u00ebs s\u00eb paralajm\u00ebruar nga ana e Ministris\u00eb s\u00eb Financave p\u00ebr shkak t\u00eb mosvotimit t\u00eb buxhetit.<\/p>\n<p>M\u00ebsuesit, arsimtar\u00ebt dhe profesor\u00ebt k\u00ebt\u00eb muaj nuk kan\u00eb mbajtur asnj\u00eb or\u00eb t\u00eb vetme, n\u00eb p\u00ebrjashtim t\u00eb disa profesor\u00ebve n\u00eb universitetet publike.<\/p>\n","protected":false},"excerpt":{"rendered":"<p>Ndon\u00ebse po hyjn\u00eb n\u00eb jav\u00ebn e tret\u00eb t\u00eb grev\u00ebs, sektori i Arsimit n\u00eb Kosov\u00eb, bashk\u00eb me an\u00ebtar\u00ebt e sindikat\u00ebs s\u00eb SBASHK-ut, kan\u00eb marr\u00eb pagat e muajit janar. Ministria e Financave sot ka b\u00ebr\u00eb ekzekutimin e pagave p\u00ebr muajin e par\u00eb t\u00eb vitit 2019-t\u00eb p\u00ebr t\u00eb gjith\u00eb sh\u00ebrbyesit e administrat\u00ebs publike, p\u00ebrfshir\u00eb edhe m\u00ebsimdh\u00ebn\u00ebsit, njofton Klan [&hellip;]<\/p>\n","protected":false},"author":1,"featured_media":32129,"comment_status":"closed","ping_status":"closed","sticky":false,"template":"","format":"standard","meta":{"footnotes":""},"categories":[5],"tags":[],"class_list":{"0":"post-33106","1":"post","2":"type-post","3":"status-publish","4":"format-standard","5":"has-post-thumbnail","7":"category-lajme"},"_links":{"self":[{"href":"https:\/\/radiostargjilan.com\/web\/wp-json\/wp\/v2\/posts\/33106","targetHints":{"allow":["GET"]}}],"collection":[{"href":"https:\/\/radiostargjilan.com\/web\/wp-json\/wp\/v2\/posts"}],"about":[{"href":"https:\/\/radiostargjilan.com\/web\/wp-json\/wp\/v2\/types\/post"}],"author":[{"embeddable":true,"href":"https:\/\/radiostargjilan.com\/web\/wp-json\/wp\/v2\/users\/1"}],"replies":[{"embeddable":true,"href":"https:\/\/radiostargjilan.com\/web\/wp-json\/wp\/v2\/comments?post=33106"}],"version-history":[{"count":0,"href":"https:\/\/radiostargjilan.com\/web\/wp-json\/wp\/v2\/posts\/33106\/revisions"}],"wp:featuredmedia":[{"embeddable":true,"href":"https:\/\/radiostargjilan.com\/web\/wp-json\/wp\/v2\/media\/32129"}],"wp:attachment":[{"href":"https:\/\/radiostargjilan.com\/web\/wp-json\/wp\/v2\/media?parent=33106"}],"wp:term":[{"taxonomy":"category","embeddable":true,"href":"https:\/\/radiostargjilan.com\/web\/wp-json\/wp\/v2\/categories?post=33106"},{"taxonomy":"post_tag","embeddable":true,"href":"https:\/\/radiostargjilan.com\/web\/wp-json\/wp\/v2\/tags?post=33106"}],"curies":[{"name":"wp","href":"https:\/\/api.w.org\/{rel}","templated":true}]}}