{"id":33142,"date":"2019-02-01T13:45:53","date_gmt":"2019-02-01T13:45:53","guid":{"rendered":"http:\/\/radiostargjilan.com\/web\/?p=33142"},"modified":"2019-02-01T13:45:53","modified_gmt":"2019-02-01T13:45:53","slug":"shefi-i-njesise-se-monitorimit-te-rasteve-nga-eulex-vizitoi-prokurorine-themelore-ne-gjilan","status":"publish","type":"post","link":"https:\/\/radiostargjilan.com\/web\/shefi-i-njesise-se-monitorimit-te-rasteve-nga-eulex-vizitoi-prokurorine-themelore-ne-gjilan\/","title":{"rendered":"Shefi i Nj\u00ebsis\u00eb s\u00eb Monitorimit t\u00eb Rasteve, nga EULEX vizitoi Prokurorin\u00eb Themelore n\u00eb Gjilan"},"content":{"rendered":"<p>Kryeprokurori i Prokuroris\u00eb Themelore n\u00eb Gjilan, ka pritur n\u00eb takim Shefin e Nj\u00ebsis\u00eb t\u00eb Monitorimit t\u00eb Rasteve, nga EULEX, z. Hubert Van Eck Koster.<\/p>\n<p>Q\u00ebllimi i k\u00ebsaj vizite ishte prezantimi i mandatit t\u00eb misionit t\u00eb EULEX-it, i cili ka p\u00ebr q\u00ebllim monitorimin e sistemit t\u00eb drejt\u00ebsis\u00eb, p\u00ebrkat\u00ebsisht monitorimin e l\u00ebnd\u00ebve n\u00eb prokurori dhe gjykata, duke ofruar n\u00eb k\u00ebt\u00eb m\u00ebnyr\u00eb mb\u00ebshtetje p\u00ebr institucionet e sundimit t\u00eb ligjit n\u00eb Kosov\u00eb, drejt rritjes s\u00eb efikasitetit dhe llogaridh\u00ebnies.<\/p>\n<p>Fillimisht, kryeprokurori Maloku, ka prezantuar veprimtarin\u00eb e Prokuroris\u00eb Themelore n\u00eb Gjilan, duke theksuar edhe sfidat me t\u00eb cilat p\u00ebrballet ky institucion dhe nj\u00ebkoh\u00ebsisht ofroi mb\u00ebshtetje dhe bashk\u00ebpunim, drejt k\u00ebtij misioni nga EULEX.<\/p>\n<p>N\u00eb an\u00ebn tjet\u00ebr, Shefi i Nj\u00ebsis\u00eb s\u00eb Monitorimit t\u00eb Rasteve, z. Hubert Van Eck Koster, e vler\u00ebsoi maksimalisht rolin, gatishm\u00ebrin\u00eb dhe p\u00ebrgjegj\u00ebsin\u00eb e k\u00ebsaj prokurorie dhe theksoi se ky mision ka q\u00ebllim mb\u00ebshtet\u00ebs, duke ndihmuar autoritetet, n\u00eb krijimin e institucioneve t\u00eb q\u00ebndrueshme, t\u00eb pavarura dhe t\u00eb lira nga nd\u00ebrhyrjet politike.<\/p>\n<p>Gjithashtu, i nj\u00ebjti ka potencuar se fokusi i monitorimit t\u00eb rasteve do t\u00eb jet\u00eb tek l\u00ebnd\u00ebt e profilit t\u00eb lart\u00eb, t\u00eb cilat kan\u00eb \u00e7far\u00ebdo ndikimi, e posa\u00e7\u00ebrisht do t\u00eb monitorohen rastet q\u00eb kan\u00eb t\u00eb b\u00ebjn\u00eb me krimet e luft\u00ebs, korrupsionit dhe urrejtjes nd\u00ebretnike.<\/p>\n<p>N\u00eb fund t\u00eb takimit, Kryeprokurori vler\u00ebsoi rolin e misionit t\u00eb EULEX-it, duke shprehur vendosm\u00ebrin\u00eb p\u00ebr koordinim dhe bashk\u00ebpunim n\u00eb k\u00ebt\u00eb drejtim.<\/p>\n","protected":false},"excerpt":{"rendered":"<p>Kryeprokurori i Prokuroris\u00eb Themelore n\u00eb Gjilan, ka pritur n\u00eb takim Shefin e Nj\u00ebsis\u00eb t\u00eb Monitorimit t\u00eb Rasteve, nga EULEX, z. Hubert Van Eck Koster. Q\u00ebllimi i k\u00ebsaj vizite ishte prezantimi i mandatit t\u00eb misionit t\u00eb EULEX-it, i cili ka p\u00ebr q\u00ebllim monitorimin e sistemit t\u00eb drejt\u00ebsis\u00eb, p\u00ebrkat\u00ebsisht monitorimin e l\u00ebnd\u00ebve n\u00eb prokurori dhe gjykata, duke [&hellip;]<\/p>\n","protected":false},"author":1,"featured_media":33143,"comment_status":"closed","ping_status":"closed","sticky":false,"template":"","format":"standard","meta":{"footnotes":""},"categories":[5],"tags":[],"class_list":{"0":"post-33142","1":"post","2":"type-post","3":"status-publish","4":"format-standard","5":"has-post-thumbnail","7":"category-lajme"},"_links":{"self":[{"href":"https:\/\/radiostargjilan.com\/web\/wp-json\/wp\/v2\/posts\/33142","targetHints":{"allow":["GET"]}}],"collection":[{"href":"https:\/\/radiostargjilan.com\/web\/wp-json\/wp\/v2\/posts"}],"about":[{"href":"https:\/\/radiostargjilan.com\/web\/wp-json\/wp\/v2\/types\/post"}],"author":[{"embeddable":true,"href":"https:\/\/radiostargjilan.com\/web\/wp-json\/wp\/v2\/users\/1"}],"replies":[{"embeddable":true,"href":"https:\/\/radiostargjilan.com\/web\/wp-json\/wp\/v2\/comments?post=33142"}],"version-history":[{"count":0,"href":"https:\/\/radiostargjilan.com\/web\/wp-json\/wp\/v2\/posts\/33142\/revisions"}],"wp:featuredmedia":[{"embeddable":true,"href":"https:\/\/radiostargjilan.com\/web\/wp-json\/wp\/v2\/media\/33143"}],"wp:attachment":[{"href":"https:\/\/radiostargjilan.com\/web\/wp-json\/wp\/v2\/media?parent=33142"}],"wp:term":[{"taxonomy":"category","embeddable":true,"href":"https:\/\/radiostargjilan.com\/web\/wp-json\/wp\/v2\/categories?post=33142"},{"taxonomy":"post_tag","embeddable":true,"href":"https:\/\/radiostargjilan.com\/web\/wp-json\/wp\/v2\/tags?post=33142"}],"curies":[{"name":"wp","href":"https:\/\/api.w.org\/{rel}","templated":true}]}}