{"id":33554,"date":"2019-02-11T17:10:37","date_gmt":"2019-02-11T17:10:37","guid":{"rendered":"http:\/\/radiostargjilan.com\/web\/?p=33554"},"modified":"2019-02-11T17:10:37","modified_gmt":"2019-02-11T17:10:37","slug":"drita-gjilani-krahasim-statistikash-kete-sezon","status":"publish","type":"post","link":"https:\/\/radiostargjilan.com\/web\/drita-gjilani-krahasim-statistikash-kete-sezon\/","title":{"rendered":"Drita-Gjilani: Krahasim statistikash k\u00ebt\u00eb sezon"},"content":{"rendered":"<p>Drita dhe Gjilani takohen k\u00ebt\u00eb fundjav\u00eb, n\u00eb at\u00eb q\u00eb njihet si derbi m\u00eb i flakt\u00eb lokal n\u00eb Kosov\u00eb.Pa marr\u00eb parasysh se n\u00eb \u00e7far\u00eb kompeticioni luhet ndeshja, qoft\u00eb edhe miq\u00ebsore, rivaliteti n\u00eb fush\u00eb dhe n\u00eb tribuna para, gjat\u00eb dhe pas p\u00ebrballjes \u00ebsht\u00eb i jasht\u00ebzakonsh\u00ebm, transmeton Insporti.<\/p>\n<p>\u201cDerbi i Anamorav\u00ebs\u201d gjithmon\u00eb sjell\u00eb ngaz\u00ebllim dhe hidh\u00ebrim n\u00eb mesin e fansave, por cila skuad\u00ebr ka regjistruar statiska m\u00eb t\u00eb mira k\u00ebt\u00eb edicion?<\/p>\n<p>Epo, hulumtimi sjell\u00eb disa rezultate interesante.<\/p>\n<p>Gjilani aktualisht pozicionohet n\u00eb vendin e kat\u00ebrt n\u00eb tabel\u00ebn e Superlig\u00ebs, derisa Drita z\u00eb vendin e gjasht\u00eb. Kat\u00ebr pik\u00eb i ndajn\u00eb ato nga nj\u00ebra-tjetra.\u201cSkifterat\u201d kan\u00eb golaverazh m\u00eb t\u00eb dob\u00ebt, me 17 gola t\u00eb pranuar dhe 19 t\u00eb p\u00ebsuar, derisa Drita ka sh\u00ebnuar 25, nd\u00ebrsa ka pranuar 22.Mir\u00ebpo, befasisht, \u00ebsht\u00eb Gjilani skuadra q\u00eb ka mbajtur port\u00ebn t\u00eb paprekur n\u00eb m\u00eb shum\u00eb ndeshje se rivali lokal, 8, derisa Drita nuk ka pranuar gol n\u00eb vet\u00ebm kat\u00ebr takime.Sidoqoft\u00eb, Drita e ka n\u00eb p\u00ebrb\u00ebrje golash\u00ebnuesin e tret\u00eb m\u00eb t\u00eb mir\u00eb n\u00eb lig\u00eb, Betim Haxhimus\u00ebn, i cili ka sh\u00ebnuar shtat\u00eb gola k\u00ebt\u00eb fushat\u00eb, derisa vet\u00ebm Festim Alidema i Llapit (8) dhe Alban Shillova i Flamurtarit (9), kan\u00eb realizuar m\u00eb shum\u00eb se ai.Te Gjilani, Vlfor Hysa dhe Wilber Perez jan\u00eb golash\u00ebnuesit m\u00eb t\u00eb mir\u00eb me nga kat\u00ebr sh\u00ebnime.Takimi luhet t\u00eb diel\u00ebn nga ora 13:30. \/Insporti.com\/<\/p>\n","protected":false},"excerpt":{"rendered":"<p>Drita dhe Gjilani takohen k\u00ebt\u00eb fundjav\u00eb, n\u00eb at\u00eb q\u00eb njihet si derbi m\u00eb i flakt\u00eb lokal n\u00eb Kosov\u00eb.Pa marr\u00eb parasysh se n\u00eb \u00e7far\u00eb kompeticioni luhet ndeshja, qoft\u00eb edhe miq\u00ebsore, rivaliteti n\u00eb fush\u00eb dhe n\u00eb tribuna para, gjat\u00eb dhe pas p\u00ebrballjes \u00ebsht\u00eb i jasht\u00ebzakonsh\u00ebm, transmeton Insporti. \u201cDerbi i Anamorav\u00ebs\u201d gjithmon\u00eb sjell\u00eb ngaz\u00ebllim dhe hidh\u00ebrim n\u00eb mesin [&hellip;]<\/p>\n","protected":false},"author":1,"featured_media":33555,"comment_status":"closed","ping_status":"closed","sticky":false,"template":"","format":"standard","meta":{"footnotes":""},"categories":[5],"tags":[],"class_list":{"0":"post-33554","1":"post","2":"type-post","3":"status-publish","4":"format-standard","5":"has-post-thumbnail","7":"category-lajme"},"_links":{"self":[{"href":"https:\/\/radiostargjilan.com\/web\/wp-json\/wp\/v2\/posts\/33554","targetHints":{"allow":["GET"]}}],"collection":[{"href":"https:\/\/radiostargjilan.com\/web\/wp-json\/wp\/v2\/posts"}],"about":[{"href":"https:\/\/radiostargjilan.com\/web\/wp-json\/wp\/v2\/types\/post"}],"author":[{"embeddable":true,"href":"https:\/\/radiostargjilan.com\/web\/wp-json\/wp\/v2\/users\/1"}],"replies":[{"embeddable":true,"href":"https:\/\/radiostargjilan.com\/web\/wp-json\/wp\/v2\/comments?post=33554"}],"version-history":[{"count":0,"href":"https:\/\/radiostargjilan.com\/web\/wp-json\/wp\/v2\/posts\/33554\/revisions"}],"wp:featuredmedia":[{"embeddable":true,"href":"https:\/\/radiostargjilan.com\/web\/wp-json\/wp\/v2\/media\/33555"}],"wp:attachment":[{"href":"https:\/\/radiostargjilan.com\/web\/wp-json\/wp\/v2\/media?parent=33554"}],"wp:term":[{"taxonomy":"category","embeddable":true,"href":"https:\/\/radiostargjilan.com\/web\/wp-json\/wp\/v2\/categories?post=33554"},{"taxonomy":"post_tag","embeddable":true,"href":"https:\/\/radiostargjilan.com\/web\/wp-json\/wp\/v2\/tags?post=33554"}],"curies":[{"name":"wp","href":"https:\/\/api.w.org\/{rel}","templated":true}]}}