{"id":37485,"date":"2019-03-25T01:54:05","date_gmt":"2019-03-25T01:54:05","guid":{"rendered":"http:\/\/radiostargjilan.com\/web\/?p=37485"},"modified":"2019-03-25T01:54:05","modified_gmt":"2019-03-25T01:54:05","slug":"per-vetem-dy-muaj-ne-vend-u-shenuan-46-grabitje","status":"publish","type":"post","link":"https:\/\/radiostargjilan.com\/web\/per-vetem-dy-muaj-ne-vend-u-shenuan-46-grabitje\/","title":{"rendered":"P\u00ebr vet\u00ebm dy muaj n\u00eb vend u sh\u00ebnuan 46 grabitje"},"content":{"rendered":"<p>Shqet\u00ebsuese ka qen\u00eb rritja e numrit t\u00eb grabitjeve me arm\u00eb p\u00ebrgjat\u00eb vitit q\u00eb kemi l\u00ebn\u00eb pas.<\/p>\n<p>Thuajse n\u00eb \u00e7do qytet t\u00eb Kosov\u00ebs njer\u00ebz t\u00eb maskuar e t\u00eb armatosur frik\u00ebsonin t\u00eb gjith\u00eb duke u k\u00ebrkuar para t\u00eb gatshme apo gj\u00ebsende me vler\u00eb.<\/p>\n<p>Por m\u00eb s\u00eb shumti nga k\u00ebto grabitje p\u00ebsuan bizneset dhe bankat. Edhe pse numri i sakt\u00eb se sa biznese dhe banka jan\u00eb prekur nga grabitjet me arm\u00eb nuk u b\u00eb i ditur nga Policia e Kosov\u00ebs, fal\u00eb raportimeve t\u00eb b\u00ebra nga rasti n\u00eb rast dihet se ishte num\u00ebr i madh.<\/p>\n<p>Por n\u00eb nj\u00eb p\u00ebrgjigje p\u00ebr Indeksonline nga Policia e Kosov\u00ebs u theksua se gjat\u00eb muajit janar n\u00eb vend jan\u00eb evidentuar 25 raste t\u00eb vepr\u00ebs penale grabitje.<\/p>\n<p>E n\u00eb muajin shkurt t\u00eb k\u00ebtij viti Policia ka evidentuar 21 raste t\u00eb grabitjeve.<\/p>\n<p>Pra p\u00ebr vet\u00ebm dy muajt e par\u00eb t\u00eb vitit 2019 u b\u00ebn 46 grabitje gjithsej.<\/p>\n<p>\u201cDisa nga k\u00ebto raste t\u00eb dyshuarit kan\u00eb poseduar arm\u00eb, por jo n\u00eb t\u00eb gjitha. Policia i evidenton rastet bazuar n\u00eb Kodin Penal t\u00eb RKS-s\u00eb, kodi nuk i ndan grabitjet me arm\u00eb apo pa arm\u00eb, por thjesht grabitje\u201d, u tha tutje nga Policia e Kosov\u00ebs.<\/p>\n<p>Edhe pse shifrat nuk jan\u00eb dh\u00ebn\u00eb ende p\u00ebr muajin mars, bazuar n\u00eb raportimet ditore t\u00eb raporteve 24 or\u00eb as ky muaj nuk ka kaluar pa grabitje, nd\u00ebr to t\u00eb armatosura.<\/p>\n<p>Lidhur me disa grabitje t\u00eb ndodhura n\u00eb vitin 2018, Policia pati arrestuar persona t\u00eb caktuar por q\u00eb edhe prej atyre q\u00eb vazhdojn\u00eb t\u00eb jen\u00eb ende na arrati q\u00eb nga kryerja e vepr\u00ebs.\/Indeksonline\/<\/p>\n","protected":false},"excerpt":{"rendered":"<p>Shqet\u00ebsuese ka qen\u00eb rritja e numrit t\u00eb grabitjeve me arm\u00eb p\u00ebrgjat\u00eb vitit q\u00eb kemi l\u00ebn\u00eb pas. Thuajse n\u00eb \u00e7do qytet t\u00eb Kosov\u00ebs njer\u00ebz t\u00eb maskuar e t\u00eb armatosur frik\u00ebsonin t\u00eb gjith\u00eb duke u k\u00ebrkuar para t\u00eb gatshme apo gj\u00ebsende me vler\u00eb. Por m\u00eb s\u00eb shumti nga k\u00ebto grabitje p\u00ebsuan bizneset dhe bankat. Edhe pse numri [&hellip;]<\/p>\n","protected":false},"author":1,"featured_media":37486,"comment_status":"closed","ping_status":"closed","sticky":false,"template":"","format":"standard","meta":{"footnotes":""},"categories":[5],"tags":[],"class_list":{"0":"post-37485","1":"post","2":"type-post","3":"status-publish","4":"format-standard","5":"has-post-thumbnail","7":"category-lajme"},"_links":{"self":[{"href":"https:\/\/radiostargjilan.com\/web\/wp-json\/wp\/v2\/posts\/37485","targetHints":{"allow":["GET"]}}],"collection":[{"href":"https:\/\/radiostargjilan.com\/web\/wp-json\/wp\/v2\/posts"}],"about":[{"href":"https:\/\/radiostargjilan.com\/web\/wp-json\/wp\/v2\/types\/post"}],"author":[{"embeddable":true,"href":"https:\/\/radiostargjilan.com\/web\/wp-json\/wp\/v2\/users\/1"}],"replies":[{"embeddable":true,"href":"https:\/\/radiostargjilan.com\/web\/wp-json\/wp\/v2\/comments?post=37485"}],"version-history":[{"count":0,"href":"https:\/\/radiostargjilan.com\/web\/wp-json\/wp\/v2\/posts\/37485\/revisions"}],"wp:featuredmedia":[{"embeddable":true,"href":"https:\/\/radiostargjilan.com\/web\/wp-json\/wp\/v2\/media\/37486"}],"wp:attachment":[{"href":"https:\/\/radiostargjilan.com\/web\/wp-json\/wp\/v2\/media?parent=37485"}],"wp:term":[{"taxonomy":"category","embeddable":true,"href":"https:\/\/radiostargjilan.com\/web\/wp-json\/wp\/v2\/categories?post=37485"},{"taxonomy":"post_tag","embeddable":true,"href":"https:\/\/radiostargjilan.com\/web\/wp-json\/wp\/v2\/tags?post=37485"}],"curies":[{"name":"wp","href":"https:\/\/api.w.org\/{rel}","templated":true}]}}