{"id":37491,"date":"2019-03-25T02:05:03","date_gmt":"2019-03-25T02:05:03","guid":{"rendered":"http:\/\/radiostargjilan.com\/web\/?p=37491"},"modified":"2019-03-25T06:06:20","modified_gmt":"2019-03-25T06:06:20","slug":"fotografi-gjilanas-arber-elezi-ne-objektiv-te-jetes","status":"publish","type":"post","link":"https:\/\/radiostargjilan.com\/web\/fotografi-gjilanas-arber-elezi-ne-objektiv-te-jetes\/","title":{"rendered":"Fotografi gjilanas Arb\u00ebr Elezi n\u00eb \u201cobjektiv\u201d t\u00eb Jet\u00ebs"},"content":{"rendered":"<p>Arb\u00ebr Elezi fotograf nga Gilani ishte pjes\u00eb e rubrik\u00ebs Jeta n\u00eb Objektiv n\u00eb kuad\u00ebr t\u00eb emisionit \u201cJETA\u201d n\u00eb KTV.<\/p>\n<p>Ai dha k\u00ebshilla se si mund t\u00eb b\u00ebheni fotograf i mir\u00eb e se si duhet b\u00ebr\u00eb fotografi p\u00ebr \u00e7ifte, fotografi dasmore, e se \u00e7ka duhet t\u00eb dihet para se t\u00eb shkrepen ato foto.<\/p>\n<p>N\u00eb fund t\u00eb shihni edhe disa nga realizimet e Elezit.<\/p>\n<p><iframe loading=\"lazy\" width=\"789\" height=\"444\" src=\"https:\/\/www.youtube.com\/embed\/CXzeieF0Q3k\" frameborder=\"0\" allow=\"accelerometer; autoplay; encrypted-media; gyroscope; picture-in-picture\" allowfullscreen><\/iframe><\/p>\n","protected":false},"excerpt":{"rendered":"<p>Arb\u00ebr Elezi fotograf nga Gilani ishte pjes\u00eb e rubrik\u00ebs Jeta n\u00eb Objektiv n\u00eb kuad\u00ebr t\u00eb emisionit \u201cJETA\u201d n\u00eb KTV. Ai dha k\u00ebshilla se si mund t\u00eb b\u00ebheni fotograf i mir\u00eb e se si duhet b\u00ebr\u00eb fotografi p\u00ebr \u00e7ifte, fotografi dasmore, e se \u00e7ka duhet t\u00eb dihet para se t\u00eb shkrepen ato foto. N\u00eb fund t\u00eb [&hellip;]<\/p>\n","protected":false},"author":1,"featured_media":37492,"comment_status":"closed","ping_status":"closed","sticky":false,"template":"","format":"standard","meta":{"footnotes":""},"categories":[5],"tags":[],"class_list":{"0":"post-37491","1":"post","2":"type-post","3":"status-publish","4":"format-standard","5":"has-post-thumbnail","7":"category-lajme"},"_links":{"self":[{"href":"https:\/\/radiostargjilan.com\/web\/wp-json\/wp\/v2\/posts\/37491","targetHints":{"allow":["GET"]}}],"collection":[{"href":"https:\/\/radiostargjilan.com\/web\/wp-json\/wp\/v2\/posts"}],"about":[{"href":"https:\/\/radiostargjilan.com\/web\/wp-json\/wp\/v2\/types\/post"}],"author":[{"embeddable":true,"href":"https:\/\/radiostargjilan.com\/web\/wp-json\/wp\/v2\/users\/1"}],"replies":[{"embeddable":true,"href":"https:\/\/radiostargjilan.com\/web\/wp-json\/wp\/v2\/comments?post=37491"}],"version-history":[{"count":0,"href":"https:\/\/radiostargjilan.com\/web\/wp-json\/wp\/v2\/posts\/37491\/revisions"}],"wp:featuredmedia":[{"embeddable":true,"href":"https:\/\/radiostargjilan.com\/web\/wp-json\/wp\/v2\/media\/37492"}],"wp:attachment":[{"href":"https:\/\/radiostargjilan.com\/web\/wp-json\/wp\/v2\/media?parent=37491"}],"wp:term":[{"taxonomy":"category","embeddable":true,"href":"https:\/\/radiostargjilan.com\/web\/wp-json\/wp\/v2\/categories?post=37491"},{"taxonomy":"post_tag","embeddable":true,"href":"https:\/\/radiostargjilan.com\/web\/wp-json\/wp\/v2\/tags?post=37491"}],"curies":[{"name":"wp","href":"https:\/\/api.w.org\/{rel}","templated":true}]}}