{"id":37938,"date":"2019-03-29T00:24:25","date_gmt":"2019-03-29T00:24:25","guid":{"rendered":"http:\/\/radiostargjilan.com\/web\/?p=37938"},"modified":"2019-03-29T00:24:25","modified_gmt":"2019-03-29T00:24:25","slug":"te-dhena-interesante-te-nje-sondazhi-ne-serbi-shumica-e-qytetareve-e-konsiderojne-kosoven-te-humbur","status":"publish","type":"post","link":"https:\/\/radiostargjilan.com\/web\/te-dhena-interesante-te-nje-sondazhi-ne-serbi-shumica-e-qytetareve-e-konsiderojne-kosoven-te-humbur\/","title":{"rendered":"T\u00eb dh\u00ebna interesante t\u00eb nj\u00eb sondazhi n\u00eb Serbi: Shumica e qytetar\u00ebve e konsiderojn\u00eb Kosov\u00ebn t\u00eb humbur"},"content":{"rendered":"<p>Shumica e qytetar\u00ebve t\u00eb Serbis\u00eb besojn\u00eb se Kosova \u00ebsht\u00eb e humbur dhe se Serbia nuk \u00ebsht\u00eb n\u00eb gjendje p\u00ebr t\u00eb rivendosur sovranitetin mbi t\u00eb.<\/p>\n<p>Megjithat\u00eb, ata besojn\u00eb se Qeveria e Serbis\u00eb nuk do ta njoh\u00eb Kosov\u00ebn, dhe pjesa m\u00eb e madhe do t\u00eb kishte votuar kund\u00ebr njohjes s\u00eb saj n\u00eb rast t\u00eb nj\u00eb referendumi, sipas nj\u00eb sondazhi t\u00eb Institutit t\u00eb Beogradit p\u00ebr \u00e7\u00ebshtje evropiane, shkruajn\u00eb mediat serbe.<\/p>\n<p>Po sipas agjencis\u00eb se lajmeve Beta, n\u00eb anket\u00eb, 47 p\u00ebr qind e t\u00eb intervistuarve kan\u00eb th\u00ebn\u00eb se Kosova \u00ebsht\u00eb e humbur, nd\u00ebrsa mendim t\u00eb kund\u00ebrt kan\u00eb shprehur 41 p\u00ebr qind e t\u00eb anketuarve, nd\u00ebrsa 12 p\u00ebr qind nuk kan\u00eb dh\u00ebn\u00eb p\u00ebrgjigje.<\/p>\n<p>Se Kosova \u00ebsht\u00eb e humbur, m\u00eb t\u00eb bindur jan\u00eb ata t\u00eb mosh\u00ebs 30 deri 60 vjet, me nivel t\u00eb mes\u00ebm dhe arsimit t\u00eb lart\u00eb, si dhe t\u00eb intervistuarve nga t\u00eb gjitha rajonet, p\u00ebrve\u00e7 Serbis\u00eb Lindore dhe Jugore, sipas nj\u00eb studimi t\u00eb b\u00ebr\u00eb nga 8 deri m\u00eb 14 mars n\u00eb nj\u00eb most\u00ebr prej 1,207 t\u00eb anketuarve.<\/p>\n<p>Qytetar\u00ebt n\u00eb p\u00ebrgjith\u00ebsi n\u00eb hulumtim kan\u00eb deklaruar se nuk kan\u00eb shum\u00eb njohuri rreth dialogut dhe se ata nuk e din\u00eb se \u00e7far\u00eb n\u00ebnkuptohet me \u201ckorrigjimin\u201d e kufijve, por shumica jan\u00eb kund\u00ebr propozimit.<\/p>\n<p>M\u00eb shum\u00eb se gjysma e t\u00eb anketuarve (54 p\u00ebr qind) kan\u00eb vler\u00ebsuar se qeveria aktuale nuk do ta njoh\u00eb pavar\u00ebsin\u00eb e Kosov\u00ebs, dhe kjo p\u00ebrgjigje kan\u00eb dh\u00ebn\u00eb kryesisht nga t\u00eb anketuarit mbi 60 vje\u00e7.<\/p>\n<p>Megjithat\u00eb, se qeveria e Serbis\u00eb do t\u00eb njoh\u00eb pavar\u00ebsin\u00eb e Kosov\u00ebs u vler\u00ebsua nga 27 p\u00ebr qind e t\u00eb anketuarve, nd\u00ebrsa 19 p\u00ebr qind than\u00eb se nuk e dinin p\u00ebrgjigjen p\u00ebr k\u00ebt\u00eb pyetje.<\/p>\n<p>Gjithashtu, ndon\u00ebse 78 p\u00ebr qind e qytetar\u00ebve kan\u00eb th\u00ebn\u00eb se nuk do t\u00eb mb\u00ebshtesin pavar\u00ebsin\u00eb e Kosov\u00ebs q\u00eb Serbia shpejt t\u00eb b\u00ebhet nj\u00eb an\u00ebtar i BE-s\u00eb, rreth 13 p\u00ebr qind do t\u00eb mb\u00ebshtesin pavar\u00ebsin\u00eb e Kosov\u00ebs n\u00ebse do t\u00eb p\u00ebrshpejtonte rrug\u00ebn e Serbis\u00eb p\u00ebr n\u00eb BE. \/Telegrafi\/<\/p>\n","protected":false},"excerpt":{"rendered":"<p>Shumica e qytetar\u00ebve t\u00eb Serbis\u00eb besojn\u00eb se Kosova \u00ebsht\u00eb e humbur dhe se Serbia nuk \u00ebsht\u00eb n\u00eb gjendje p\u00ebr t\u00eb rivendosur sovranitetin mbi t\u00eb. Megjithat\u00eb, ata besojn\u00eb se Qeveria e Serbis\u00eb nuk do ta njoh\u00eb Kosov\u00ebn, dhe pjesa m\u00eb e madhe do t\u00eb kishte votuar kund\u00ebr njohjes s\u00eb saj n\u00eb rast t\u00eb nj\u00eb referendumi, sipas [&hellip;]<\/p>\n","protected":false},"author":1,"featured_media":37831,"comment_status":"closed","ping_status":"closed","sticky":false,"template":"","format":"standard","meta":{"footnotes":""},"categories":[5],"tags":[],"class_list":{"0":"post-37938","1":"post","2":"type-post","3":"status-publish","4":"format-standard","5":"has-post-thumbnail","7":"category-lajme"},"_links":{"self":[{"href":"https:\/\/radiostargjilan.com\/web\/wp-json\/wp\/v2\/posts\/37938","targetHints":{"allow":["GET"]}}],"collection":[{"href":"https:\/\/radiostargjilan.com\/web\/wp-json\/wp\/v2\/posts"}],"about":[{"href":"https:\/\/radiostargjilan.com\/web\/wp-json\/wp\/v2\/types\/post"}],"author":[{"embeddable":true,"href":"https:\/\/radiostargjilan.com\/web\/wp-json\/wp\/v2\/users\/1"}],"replies":[{"embeddable":true,"href":"https:\/\/radiostargjilan.com\/web\/wp-json\/wp\/v2\/comments?post=37938"}],"version-history":[{"count":0,"href":"https:\/\/radiostargjilan.com\/web\/wp-json\/wp\/v2\/posts\/37938\/revisions"}],"wp:featuredmedia":[{"embeddable":true,"href":"https:\/\/radiostargjilan.com\/web\/wp-json\/wp\/v2\/media\/37831"}],"wp:attachment":[{"href":"https:\/\/radiostargjilan.com\/web\/wp-json\/wp\/v2\/media?parent=37938"}],"wp:term":[{"taxonomy":"category","embeddable":true,"href":"https:\/\/radiostargjilan.com\/web\/wp-json\/wp\/v2\/categories?post=37938"},{"taxonomy":"post_tag","embeddable":true,"href":"https:\/\/radiostargjilan.com\/web\/wp-json\/wp\/v2\/tags?post=37938"}],"curies":[{"name":"wp","href":"https:\/\/api.w.org\/{rel}","templated":true}]}}