{"id":38246,"date":"2019-04-01T23:35:47","date_gmt":"2019-04-01T23:35:47","guid":{"rendered":"http:\/\/radiostargjilan.com\/web\/?p=38246"},"modified":"2019-04-01T23:35:47","modified_gmt":"2019-04-01T23:35:47","slug":"cfare-ka-te-keqe-qe-derbi-i-gjilanit-do-te-zhvillohet-ne-prishtine","status":"publish","type":"post","link":"https:\/\/radiostargjilan.com\/web\/cfare-ka-te-keqe-qe-derbi-i-gjilanit-do-te-zhvillohet-ne-prishtine\/","title":{"rendered":"\u00c7far\u00eb ka t\u00eb keqe q\u00eb derbi i Gjilanit do t\u00eb zhvillohet n\u00eb Prishtin\u00eb?"},"content":{"rendered":"<p>Shkruan: Granit T\u00ebrstena<\/p>\n<p>N\u00eb nj\u00eb vend aq t\u00eb vog\u00ebl si Kosova, sa p\u00ebr ta marr hart\u00ebn bot\u00ebrore na duhet nj\u00eb mikroskop p\u00ebr ta gjetur at\u00eb, disa persona \u00e7ohen dhe mendojn\u00eb aq thell\u00eb, saq\u00eb sipas tyre, nj\u00eb nga derbit m\u00eb t\u00eb vler\u00ebsuar n\u00eb Ballkan (Gjilani-Drita) nuk b\u00ebn t\u00eb zhvillohet n\u00eb stadiumin e Prishtin\u00ebs, n\u00eb stadiumin q\u00eb mban emrin e legjend\u00ebs kosovare \u201cFadil Vokrri\u201d.<\/p>\n<p>N\u00eb stadiumin q\u00eb u nd\u00ebrtua nga populli, nga 1.8 milion\u00eb banor\u00ebt, si prishtinas ashtu edhe gjilanas. N\u00eb nj\u00eb vend q\u00eb mbahet gjall\u00eb nga njer\u00ebzit q\u00eb vijn\u00eb nga qytetet p\u00ebrreth.<\/p>\n<p>Pse nuk ndaleni dhe t\u00eb mendoni p\u00ebr t\u00eb mirat q\u00eb mund t\u2019i sjell\u00eb kjo ndeshje midis Prishtin\u00ebs, ashtu si\u00e7 ju sjellin ndeshjet e Kosov\u00ebs, me tifoz\u00ebt t\u00eb cil\u00ebt e mbushin stadiumin me afro 13 mij\u00eb ul\u00ebse?<\/p>\n<p>Mendoni p\u00ebr t\u00eb hyrat ekonomike q\u00eb mund t\u2019i sjell\u00eb nj\u00eb organizim i till\u00eb. Mos ndoshta keni frik\u00eb q\u00eb po i b\u00ebni mir\u00eb \u201cvllaut\u201d n\u00eb k\u00ebt\u00eb rast? Jemi m\u00ebsuar ta shkelim njeri-tjetrin, prandaj jemi ku jemi.<\/p>\n<p>T\u00eb gjith\u00eb i dim\u00eb kushtet q\u00eb i ka stadiumi i Gjilanit, pra vendi ku mund t\u00eb rregullohet me parat\u00eb e shtetit (parat\u00eb tona) dhe q\u00eb \u00ebsht\u00eb n\u00eb projekt me vite t\u00eb t\u00ebra.<\/p>\n<p>Ndoshta Gjilani e meriton m\u00eb s\u00eb shumti ta ket\u00eb stadiumin e njejt\u00eb si t\u00eb Prishtin\u00ebs, fal\u00eb k\u00ebtij derbi q\u00eb ka nj\u00eb super-shikueshm\u00ebri.<\/p>\n<p>Tifoz\u00ebt e Prishtin\u00ebs \u2018Plisat\u2019 kan\u00eb dal\u00eb kund\u00ebr q\u00eb ky derbi t\u00eb mos luhet n\u00eb stadiumin e \u2018tyre\u2019, por po harrojn\u00eb q\u00eb p\u00ebr gati dy vite skuadra e tyre e zemr\u00ebs vazhdimisht ka zhvilluar takimet n\u00eb konak t\u00eb huaj, fillimisht n\u00eb Obiliq m\u00eb pas n\u00eb Drenas e dikur edhe n\u00eb Pej\u00eb.<\/p>\n<p>Kosova \u00ebsht\u00eb vend i vog\u00ebl dhe p\u00ebrderisa jan\u00eb k\u00ebto kushte katastrofale, edhe po t\u00eb zhvilloheshin t\u00eb gjitha ndeshjet e Superlig\u00ebs n\u00eb stadiumin e Prishtin\u00ebs, nuk duhej t\u00eb ishte problem.\/periskopi\/<\/p>\n","protected":false},"excerpt":{"rendered":"<p>Shkruan: Granit T\u00ebrstena N\u00eb nj\u00eb vend aq t\u00eb vog\u00ebl si Kosova, sa p\u00ebr ta marr hart\u00ebn bot\u00ebrore na duhet nj\u00eb mikroskop p\u00ebr ta gjetur at\u00eb, disa persona \u00e7ohen dhe mendojn\u00eb aq thell\u00eb, saq\u00eb sipas tyre, nj\u00eb nga derbit m\u00eb t\u00eb vler\u00ebsuar n\u00eb Ballkan (Gjilani-Drita) nuk b\u00ebn t\u00eb zhvillohet n\u00eb stadiumin e Prishtin\u00ebs, n\u00eb stadiumin q\u00eb [&hellip;]<\/p>\n","protected":false},"author":1,"featured_media":38247,"comment_status":"closed","ping_status":"closed","sticky":false,"template":"","format":"standard","meta":{"footnotes":""},"categories":[5],"tags":[],"class_list":{"0":"post-38246","1":"post","2":"type-post","3":"status-publish","4":"format-standard","5":"has-post-thumbnail","7":"category-lajme"},"_links":{"self":[{"href":"https:\/\/radiostargjilan.com\/web\/wp-json\/wp\/v2\/posts\/38246","targetHints":{"allow":["GET"]}}],"collection":[{"href":"https:\/\/radiostargjilan.com\/web\/wp-json\/wp\/v2\/posts"}],"about":[{"href":"https:\/\/radiostargjilan.com\/web\/wp-json\/wp\/v2\/types\/post"}],"author":[{"embeddable":true,"href":"https:\/\/radiostargjilan.com\/web\/wp-json\/wp\/v2\/users\/1"}],"replies":[{"embeddable":true,"href":"https:\/\/radiostargjilan.com\/web\/wp-json\/wp\/v2\/comments?post=38246"}],"version-history":[{"count":0,"href":"https:\/\/radiostargjilan.com\/web\/wp-json\/wp\/v2\/posts\/38246\/revisions"}],"wp:featuredmedia":[{"embeddable":true,"href":"https:\/\/radiostargjilan.com\/web\/wp-json\/wp\/v2\/media\/38247"}],"wp:attachment":[{"href":"https:\/\/radiostargjilan.com\/web\/wp-json\/wp\/v2\/media?parent=38246"}],"wp:term":[{"taxonomy":"category","embeddable":true,"href":"https:\/\/radiostargjilan.com\/web\/wp-json\/wp\/v2\/categories?post=38246"},{"taxonomy":"post_tag","embeddable":true,"href":"https:\/\/radiostargjilan.com\/web\/wp-json\/wp\/v2\/tags?post=38246"}],"curies":[{"name":"wp","href":"https:\/\/api.w.org\/{rel}","templated":true}]}}