{"id":39024,"date":"2019-04-25T09:03:27","date_gmt":"2019-04-25T09:03:27","guid":{"rendered":"http:\/\/radiostargjilan.com\/web\/?p=39024"},"modified":"2019-04-25T09:03:27","modified_gmt":"2019-04-25T09:03:27","slug":"seanca-e-kuvendit-komunal-te-gjilanit-mbahet-te-premten-rendi-i-punes","status":"publish","type":"post","link":"https:\/\/radiostargjilan.com\/web\/seanca-e-kuvendit-komunal-te-gjilanit-mbahet-te-premten-rendi-i-punes\/","title":{"rendered":"Seanca e Kuvendit Komunal t\u00eb Gjilanit mbahet t\u00eb premten \u2013 rendi i pun\u00ebs"},"content":{"rendered":"<p>Seanca e Kuvendit t\u00eb Komun\u00ebs s\u00eb Gjilanit do t\u00eb mbahet n\u00eb sall\u00ebn e mbledhjeve t\u00eb Kuvendit t\u00eb Komun\u00ebs s\u00eb Gjilanit, (ish objekti i gjykat\u00ebs) m\u00eb 26.04.2019 (e premte), nga ora 10:00.<\/p>\n<p><img loading=\"lazy\" loading=\"lazy\" decoding=\"async\" src=\"https:\/\/radiostargjilan.com\/web\/wp-content\/uploads\/2019\/04\/928CA68B-9D14-47B3-B08B-C5D825D96B78-720x1024.jpeg\" alt=\"\" width=\"720\" height=\"1024\" class=\"aligncenter size-large wp-image-38996\" srcset=\"https:\/\/radiostargjilan.com\/web\/wp-content\/uploads\/2019\/04\/928CA68B-9D14-47B3-B08B-C5D825D96B78-720x1024.jpeg 720w, https:\/\/radiostargjilan.com\/web\/wp-content\/uploads\/2019\/04\/928CA68B-9D14-47B3-B08B-C5D825D96B78-600x854.jpeg 600w, https:\/\/radiostargjilan.com\/web\/wp-content\/uploads\/2019\/04\/928CA68B-9D14-47B3-B08B-C5D825D96B78-211x300.jpeg 211w, https:\/\/radiostargjilan.com\/web\/wp-content\/uploads\/2019\/04\/928CA68B-9D14-47B3-B08B-C5D825D96B78-768x1093.jpeg 768w, https:\/\/radiostargjilan.com\/web\/wp-content\/uploads\/2019\/04\/928CA68B-9D14-47B3-B08B-C5D825D96B78.jpeg 1171w\" sizes=\"auto, (max-width: 720px) 100vw, 720px\" \/><\/p>\n<p>R E N D P U N E<\/p>\n<p>1. Konstatimi i prezenc\u00ebs s\u00eb an\u00ebtar\u00ebve t\u00eb Kuvendit dhe miratimi i procesverbalit nga seanca e kaluar,<br \/>\n2. Betimi i an\u00ebtar\u00ebve t\u00eb rinj t\u00eb Kuvendit<\/p>\n<p>3. Rekomandimet e Komitetit p\u00ebr Politik\u00eb dhe Financa:<\/p>\n<p>3.1 Raporti financiar Janar-Mars 2019,<br \/>\n3.2 Miratimi i Raportit t\u00eb panelit p\u00ebrzgjedh\u00ebs p\u00ebr zgjedhjen e an\u00ebtar\u00ebve n\u00eb Komitetin konsultativ p\u00ebr persona me aft\u00ebsi t\u00eb kufizuar<br \/>\n3.3 Miratimi i Raportit t\u00eb panelit p\u00ebrzgjedh\u00ebs p\u00ebr zgjedhjen e an\u00ebtar\u00ebve n\u00eb Komitetin konsultativ t\u00eb ekspert\u00ebve t\u00eb planifikimit hap\u00ebsinor<br \/>\n3.4 Propozim vendimi p\u00ebr miratimin e taks\u00ebs p\u00ebr leje nd\u00ebrtimore dhe tarif\u00ebs p\u00ebr rregullimin e infrastruktur\u00ebs p\u00ebr vitin 2019<br \/>\n3.5 Propozim vendimi p\u00ebr ndryshim dhe plot\u00ebsimin e vendimit 01.Nr.28467 t\u00eb dat\u00ebs 22.03.2018 p\u00ebr themelimin e KKSB<br \/>\n3.6 K\u00ebrkes\u00eb p\u00ebr mb\u00ebshtetjen financiare t\u00eb Teatrit t\u00eb Qytetit t\u00eb Gjilanit p\u00ebr vitin 2019<\/p>\n<p>4 T\u00eb ndryshme<\/p>\n","protected":false},"excerpt":{"rendered":"<p>Seanca e Kuvendit t\u00eb Komun\u00ebs s\u00eb Gjilanit do t\u00eb mbahet n\u00eb sall\u00ebn e mbledhjeve t\u00eb Kuvendit t\u00eb Komun\u00ebs s\u00eb Gjilanit, (ish objekti i gjykat\u00ebs) m\u00eb 26.04.2019 (e premte), nga ora 10:00. R E N D P U N E 1. Konstatimi i prezenc\u00ebs s\u00eb an\u00ebtar\u00ebve t\u00eb Kuvendit dhe miratimi i procesverbalit nga seanca e kaluar, [&hellip;]<\/p>\n","protected":false},"author":1,"featured_media":39025,"comment_status":"closed","ping_status":"closed","sticky":false,"template":"","format":"standard","meta":{"footnotes":""},"categories":[5],"tags":[],"class_list":{"0":"post-39024","1":"post","2":"type-post","3":"status-publish","4":"format-standard","5":"has-post-thumbnail","7":"category-lajme"},"_links":{"self":[{"href":"https:\/\/radiostargjilan.com\/web\/wp-json\/wp\/v2\/posts\/39024","targetHints":{"allow":["GET"]}}],"collection":[{"href":"https:\/\/radiostargjilan.com\/web\/wp-json\/wp\/v2\/posts"}],"about":[{"href":"https:\/\/radiostargjilan.com\/web\/wp-json\/wp\/v2\/types\/post"}],"author":[{"embeddable":true,"href":"https:\/\/radiostargjilan.com\/web\/wp-json\/wp\/v2\/users\/1"}],"replies":[{"embeddable":true,"href":"https:\/\/radiostargjilan.com\/web\/wp-json\/wp\/v2\/comments?post=39024"}],"version-history":[{"count":0,"href":"https:\/\/radiostargjilan.com\/web\/wp-json\/wp\/v2\/posts\/39024\/revisions"}],"wp:featuredmedia":[{"embeddable":true,"href":"https:\/\/radiostargjilan.com\/web\/wp-json\/wp\/v2\/media\/39025"}],"wp:attachment":[{"href":"https:\/\/radiostargjilan.com\/web\/wp-json\/wp\/v2\/media?parent=39024"}],"wp:term":[{"taxonomy":"category","embeddable":true,"href":"https:\/\/radiostargjilan.com\/web\/wp-json\/wp\/v2\/categories?post=39024"},{"taxonomy":"post_tag","embeddable":true,"href":"https:\/\/radiostargjilan.com\/web\/wp-json\/wp\/v2\/tags?post=39024"}],"curies":[{"name":"wp","href":"https:\/\/api.w.org\/{rel}","templated":true}]}}