{"id":39178,"date":"2019-04-27T07:26:25","date_gmt":"2019-04-27T07:26:25","guid":{"rendered":"http:\/\/radiostargjilan.com\/web\/?p=39178"},"modified":"2019-04-27T07:26:25","modified_gmt":"2019-04-27T07:26:25","slug":"vv-organizon-pritje-per-e-shkembimin-e-pervojave-dhe-mundesite-e-bashkepunimit-ne-te-ardhmen","status":"publish","type":"post","link":"https:\/\/radiostargjilan.com\/web\/vv-organizon-pritje-per-e-shkembimin-e-pervojave-dhe-mundesite-e-bashkepunimit-ne-te-ardhmen\/","title":{"rendered":"VV organizon pritje p\u00ebr e shk\u00ebmbimin e p\u00ebrvojave dhe mund\u00ebsit\u00eb e bashk\u00ebpunimit n\u00eb t\u00eb ardhm\u00ebn"},"content":{"rendered":"<p>Kryetari i Qendr\u00ebs z. Nevzad Isufi, bashk\u00eb me asamblist\u00ebt komunal ka pritur n\u00eb zyret e L\u00ebvizjes VET\u00cbVENDOSJE! n\u00eb Gjilan n\u00eb nj\u00eb takim miq\u00ebsor, gjilanasen Q\u00ebndresa Sadriu, Kryetare e Kuvendit Komunal t\u00eb Glattbrug t\u00eb Zurich.<\/p>\n<p>Q\u00ebndresa \u00ebsht\u00eb 24 vje\u00e7are, an\u00ebtare e partis\u00eb socialdemokrate SP. Pas Zgjedhjeve t\u00eb fundit komunale ajo fitoi nj\u00eb ul\u00ebse n\u00eb Kuvendin Komunal t\u00eb Glattbrug e m\u00eb pas u zgjodh Kryetare e Kuvendit. N\u00eb nd\u00ebrkoh\u00eb ajo mban edhe pozit\u00ebn e deputet\u00ebs kantonale t\u00eb Zurich.<br \/>\nTakimi u fokusua m\u00eb shum\u00eb mbi funksionimin e Kuvendit komunal, shk\u00ebmbimin e p\u00ebrvojave dhe mund\u00ebsit\u00eb e bashk\u00ebpunimit n\u00eb t\u00eb ardhm\u00ebn, si dhe nj\u00eb varg \u00e7\u00ebshtjesh me r\u00ebnd\u00ebsi reciproke.<\/p>\n<p>Nd\u00ebrsa n\u00eb fund u pajtuam se duhet nj\u00eb gjenerat\u00eb e re n\u00eb qeverisjen e vendit dhe nj\u00eb mentalitet t\u00ebr\u00ebsisht i ri i polotik\u00ebb\u00ebrjes, n\u00eb m\u00ebnyr\u00eb q\u00eb komuna e Gjilanit dhe Kosova t\u00eb ecin drejt zhvillimit ekonomik e n\u00eb fokus t\u00eb ve\u00e7ant\u00eb pun\u00ebsimin e t\u00eb rinj\u00ebve.<\/p>\n<p>L\u00ebvizja VET\u00cbVENDOSJE! Qendra Gjilan<\/p>\n","protected":false},"excerpt":{"rendered":"<p>Kryetari i Qendr\u00ebs z. Nevzad Isufi, bashk\u00eb me asamblist\u00ebt komunal ka pritur n\u00eb zyret e L\u00ebvizjes VET\u00cbVENDOSJE! n\u00eb Gjilan n\u00eb nj\u00eb takim miq\u00ebsor, gjilanasen Q\u00ebndresa Sadriu, Kryetare e Kuvendit Komunal t\u00eb Glattbrug t\u00eb Zurich. Q\u00ebndresa \u00ebsht\u00eb 24 vje\u00e7are, an\u00ebtare e partis\u00eb socialdemokrate SP. Pas Zgjedhjeve t\u00eb fundit komunale ajo fitoi nj\u00eb ul\u00ebse n\u00eb Kuvendin Komunal [&hellip;]<\/p>\n","protected":false},"author":1,"featured_media":39179,"comment_status":"closed","ping_status":"closed","sticky":false,"template":"","format":"standard","meta":{"footnotes":""},"categories":[5],"tags":[],"class_list":{"0":"post-39178","1":"post","2":"type-post","3":"status-publish","4":"format-standard","5":"has-post-thumbnail","7":"category-lajme"},"_links":{"self":[{"href":"https:\/\/radiostargjilan.com\/web\/wp-json\/wp\/v2\/posts\/39178","targetHints":{"allow":["GET"]}}],"collection":[{"href":"https:\/\/radiostargjilan.com\/web\/wp-json\/wp\/v2\/posts"}],"about":[{"href":"https:\/\/radiostargjilan.com\/web\/wp-json\/wp\/v2\/types\/post"}],"author":[{"embeddable":true,"href":"https:\/\/radiostargjilan.com\/web\/wp-json\/wp\/v2\/users\/1"}],"replies":[{"embeddable":true,"href":"https:\/\/radiostargjilan.com\/web\/wp-json\/wp\/v2\/comments?post=39178"}],"version-history":[{"count":0,"href":"https:\/\/radiostargjilan.com\/web\/wp-json\/wp\/v2\/posts\/39178\/revisions"}],"wp:featuredmedia":[{"embeddable":true,"href":"https:\/\/radiostargjilan.com\/web\/wp-json\/wp\/v2\/media\/39179"}],"wp:attachment":[{"href":"https:\/\/radiostargjilan.com\/web\/wp-json\/wp\/v2\/media?parent=39178"}],"wp:term":[{"taxonomy":"category","embeddable":true,"href":"https:\/\/radiostargjilan.com\/web\/wp-json\/wp\/v2\/categories?post=39178"},{"taxonomy":"post_tag","embeddable":true,"href":"https:\/\/radiostargjilan.com\/web\/wp-json\/wp\/v2\/tags?post=39178"}],"curies":[{"name":"wp","href":"https:\/\/api.w.org\/{rel}","templated":true}]}}