{"id":39256,"date":"2019-05-01T00:23:47","date_gmt":"2019-05-01T00:23:47","guid":{"rendered":"http:\/\/radiostargjilan.com\/web\/?p=39256"},"modified":"2019-05-01T00:23:47","modified_gmt":"2019-05-01T00:23:47","slug":"marreveshja-per-zevendesimin-e-oreve-te-humbura-gjate-greves-drejt-deshtimit","status":"publish","type":"post","link":"https:\/\/radiostargjilan.com\/web\/marreveshja-per-zevendesimin-e-oreve-te-humbura-gjate-greves-drejt-deshtimit\/","title":{"rendered":"Marr\u00ebveshja p\u00ebr z\u00ebvend\u00ebsimin e or\u00ebve t\u00eb humbura gjat\u00eb grev\u00ebs drejt d\u00ebshtimit"},"content":{"rendered":"<p>Edhe p\u00ebrkund\u00ebr marr\u00ebveshjes s\u00eb fundit mes Ministris\u00eb s\u00eb Arsimit, Shkenc\u00ebs dhe Teknologjis\u00eb (MASHT) dhe Drejtorive Komunale t\u00eb Arsimit (DKA), q\u00eb or\u00ebt e humbura gjat\u00eb grev\u00ebs t\u00eb z\u00ebvend\u00ebsohen, nj\u00eb gj\u00eb e till\u00eb nuk \u00ebsht\u00eb duke ndodhur.<\/p>\n<p>Shumica e shkollave n\u00eb Kosov\u00eb nuk jan\u00eb duke e respektuar marr\u00ebveshjen e arritur m\u00eb 15 prill mes MASHT-it dhe DKA-ve p\u00ebr z\u00ebvend\u00ebsimin e or\u00ebve t\u00eb humbura gjat\u00eb grev\u00ebs n\u00eb arsim.<\/p>\n<p>Dy jav\u00eb pas arritjes s\u00eb k\u00ebsaj marr\u00ebveshjeje, vet\u00ebm nj\u00eb num\u00ebr i vog\u00ebl i shkollave i kan\u00eb z\u00ebvend\u00ebsuar or\u00ebt t\u00eb shtunave.<\/p>\n<p>S\u00eb or\u00ebt nuk po mbahen n\u00eb t\u00eb gjitha shkollat, e pranon edhe kryetari i Kolegjiumit t\u00eb Drejtor\u00ebve Komunal\u00eb t\u00eb Arsimit, Besim Avdimeta.<\/p>\n<p>N\u00eb nj\u00eb p\u00ebrgjigje p\u00ebr lajmi.net Avdimetaj ka th\u00ebn\u00eb se kjo mbetet n\u00ebn p\u00ebrgjegj\u00ebsin e drejtor\u00ebve t\u00eb shkollave.<\/p>\n<p>Ai ka th\u00ebn\u00eb se n\u00ebse nuk realizohen 175 dit\u00eb pune \u00ebsht\u00eb n\u00eb pik\u00ebpyetje viti kalendarik.<\/p>\n<p>\u201cDisa nuk po mbajn\u00eb m\u00ebsim, por ka mbetur n\u00ebn p\u00ebrgjegj\u00ebsin e Drejtor\u00ebve t\u00eb Shkollave q\u00eb t\u00eb plot\u00ebsojn\u00eb dit\u00ebt e pun\u00ebs. Ata m\u00ebsimdh\u00ebn\u00ebs do t\u00eb b\u00ebjn\u00eb p\u00ebrpjekje gjat\u00eb muajit maj edhe n\u00eb fund t\u00eb viti shkollor\u00eb q\u00eb nj\u00eb jav\u00eb t\u00eb plot\u00ebsojn\u00eb. Se sa i realizojn\u00eb \u00ebsht\u00eb n\u00ebn p\u00ebrgjegj\u00ebsin e Drejtor\u00ebve t\u00eb Shkollave. N\u00ebse nuk realizohen 175 dit\u00eb pune \u00ebsht\u00eb n\u00eb pik\u00ebpyetje viti kalendarik\u201d, ka th\u00ebn\u00eb Avdimetaj<\/p>\n<p>Nd\u00ebrsa, z\u00ebvend\u00ebsministri i Arsimit, Arb\u00ebr Gecaj, ka th\u00ebn\u00eb se n\u00eb takimin e fundit me Drejtor\u00ebt e Drejtorive Komunale jan\u00eb dakorduar q\u00eb ata t\u00eb marrin p\u00ebrsip\u00ebr procesin e z\u00ebvend\u00ebsimit t\u00eb or\u00ebve.<\/p>\n<p>Ai po ashtu ka shtuar se tani jan\u00eb duke pritur raportet nga Drejtor\u00ebt e Drejtorive Komunale p\u00ebr t\u00eb par\u00eb se si ka ecur procesi.<\/p>\n<p>\u201cNe n\u00eb takimin e fundit jemi dakoruduar q\u00eb Drejtor\u00ebt e Drejtorive Komunale t\u00eb marrin p\u00ebrsip\u00ebr procesin e z\u00ebvend\u00ebsimit t\u00eb or\u00ebve dhe t\u00eb b\u00ebjn\u00eb nj\u00eb planifikim q\u00eb ata e shohin m\u00eb t\u00eb arsyesh\u00ebm. Dhe k\u00ebta jan\u00eb betuar q\u00eb t\u00eb plot\u00ebsojn\u00eb norm\u00ebn q\u00eb \u00ebsht\u00eb i planifikuar p\u00ebr vitin akademin\u00eb. Ne n\u00eb nd\u00ebrkohe presim raportet nga Drejtor\u00ebt e Drejtorive Komunale p\u00ebr t\u00eb par\u00eb se si ka ecur procesi. Ne duke qen\u00eb se kishin nj\u00eb vendim paraprak dhe duke par\u00eb q\u00eb java e pushimit pranveror\u00eb q\u00eb ishte planifikuar p\u00ebr z\u00ebvend\u00ebsimin e or\u00ebve nuk \u00ebsht\u00eb zbatuar n\u00eb t\u00eb gjitha komunat. Ne vendos\u00ebm q\u00eb var\u00ebsisht nga situata q\u00eb kan\u00eb n\u00ebp\u00ebr komuna Drejtor\u00ebt e Drejtorive Komunale t\u00eb vendosi se si do t\u00eb planifikojn\u00eb z\u00ebvend\u00ebsimin m\u00ebtutjesh\u00ebm t\u00eb or\u00ebve\u201d, ka th\u00ebn\u00eb Geci.<\/p>\n<p>Geci tutje ka th\u00ebn\u00eb se Ministria e Arsimit siguron q\u00eb or\u00ebt e humbura gjat\u00eb grev\u00ebs do t\u00eb kompensohen.<\/p>\n<p>\u201cNe ju sigurojm\u00eb q\u00eb or\u00ebt e humbura do t\u00eb kompensohen sepse \u00ebsht\u00eb obligim i yni ligjor\u00eb, q\u00eb t\u00eb plot\u00ebsojm\u00eb norm\u00ebn m\u00ebsimore t\u00eb planifikuar qysh n\u00eb fillim t\u00eb viti akademik, jan\u00eb t\u00eb caktuar dit\u00ebt p\u00ebr z\u00ebvend\u00ebsimin e or\u00ebve me udh\u00ebzimin administrativ dhe ne jemi t\u00eb obliguar q\u00eb t\u2019i kompensojm\u00eb k\u00ebto\u201d, ka th\u00ebn\u00eb tutje Geci.<\/p>\n<p>N\u00eb an\u00ebn tjet\u00ebr shumica e shkollave po i binden vendimit q\u00eb e ka nxjerr\u00eb K\u00ebshilli Drejtues i Sindikat\u00ebs s\u00eb Bashkuar t\u00eb Arsimit, Shkenc\u00ebs dhe Kultur\u00ebs, sipas t\u00eb cilit nuk z\u00ebvend\u00ebsohen or\u00ebt.<\/p>\n<p>SBASHK-u e ka v\u00ebn\u00eb nj\u00eb kusht q\u00eb n\u00ebse n\u00eb Ligjin p\u00ebr paga ngrit\u00ebn koeficientet e m\u00ebsimdh\u00ebn\u00ebsve fillor\u00eb, psikolog\u00ebve, pedagog\u00ebve dhe sekretar\u00ebve t\u00eb shkollave, n\u00eb fund t\u00eb vitit shkollor do t\u00eb z\u00ebvend\u00ebsohet vet\u00ebm nj\u00eb jav\u00eb m\u00ebsim.<\/p>\n","protected":false},"excerpt":{"rendered":"<p>Edhe p\u00ebrkund\u00ebr marr\u00ebveshjes s\u00eb fundit mes Ministris\u00eb s\u00eb Arsimit, Shkenc\u00ebs dhe Teknologjis\u00eb (MASHT) dhe Drejtorive Komunale t\u00eb Arsimit (DKA), q\u00eb or\u00ebt e humbura gjat\u00eb grev\u00ebs t\u00eb z\u00ebvend\u00ebsohen, nj\u00eb gj\u00eb e till\u00eb nuk \u00ebsht\u00eb duke ndodhur. Shumica e shkollave n\u00eb Kosov\u00eb nuk jan\u00eb duke e respektuar marr\u00ebveshjen e arritur m\u00eb 15 prill mes MASHT-it dhe DKA-ve [&hellip;]<\/p>\n","protected":false},"author":1,"featured_media":38795,"comment_status":"closed","ping_status":"closed","sticky":false,"template":"","format":"standard","meta":{"footnotes":""},"categories":[5],"tags":[],"class_list":{"0":"post-39256","1":"post","2":"type-post","3":"status-publish","4":"format-standard","5":"has-post-thumbnail","7":"category-lajme"},"_links":{"self":[{"href":"https:\/\/radiostargjilan.com\/web\/wp-json\/wp\/v2\/posts\/39256","targetHints":{"allow":["GET"]}}],"collection":[{"href":"https:\/\/radiostargjilan.com\/web\/wp-json\/wp\/v2\/posts"}],"about":[{"href":"https:\/\/radiostargjilan.com\/web\/wp-json\/wp\/v2\/types\/post"}],"author":[{"embeddable":true,"href":"https:\/\/radiostargjilan.com\/web\/wp-json\/wp\/v2\/users\/1"}],"replies":[{"embeddable":true,"href":"https:\/\/radiostargjilan.com\/web\/wp-json\/wp\/v2\/comments?post=39256"}],"version-history":[{"count":0,"href":"https:\/\/radiostargjilan.com\/web\/wp-json\/wp\/v2\/posts\/39256\/revisions"}],"wp:featuredmedia":[{"embeddable":true,"href":"https:\/\/radiostargjilan.com\/web\/wp-json\/wp\/v2\/media\/38795"}],"wp:attachment":[{"href":"https:\/\/radiostargjilan.com\/web\/wp-json\/wp\/v2\/media?parent=39256"}],"wp:term":[{"taxonomy":"category","embeddable":true,"href":"https:\/\/radiostargjilan.com\/web\/wp-json\/wp\/v2\/categories?post=39256"},{"taxonomy":"post_tag","embeddable":true,"href":"https:\/\/radiostargjilan.com\/web\/wp-json\/wp\/v2\/tags?post=39256"}],"curies":[{"name":"wp","href":"https:\/\/api.w.org\/{rel}","templated":true}]}}