{"id":40142,"date":"2019-05-25T14:21:06","date_gmt":"2019-05-25T14:21:06","guid":{"rendered":"http:\/\/radiostargjilan.com\/web\/?p=40142"},"modified":"2019-05-25T14:21:06","modified_gmt":"2019-05-25T14:21:06","slug":"keshilli-i-bashkesise-islame-shtroi-iftar-per-personat-me-aftesi-te-kufizuara","status":"publish","type":"post","link":"https:\/\/radiostargjilan.com\/web\/keshilli-i-bashkesise-islame-shtroi-iftar-per-personat-me-aftesi-te-kufizuara\/","title":{"rendered":"K\u00ebshilli i Bashk\u00ebsis\u00eb Islame shtroi iftar p\u00ebr personat me aft\u00ebsi t\u00eb kufizuara"},"content":{"rendered":"<p>N\u00eb lokalet e Medreses \u201c Alaudin\u201d n\u00eb Gjilan, K\u00ebshilli i Bashk\u00ebsis\u00eb Islame n\u00eb Gjilan, shtroi iftar p\u00ebr personat me aft\u00ebsi t\u00eb kufizuar. N\u00eb iftarin e shtruar  p\u00ebr personat me aft\u00ebsi t\u00eb kufizuar KBI tuboi m\u00eb se 80 persona nga shoqata Handikos  q\u00eb p\u00ebrfshin\u00eb  personat me zhvillim t\u00eb vonsh\u00ebm mendor dhe me d\u00ebmtime fizike, personat me t\u00eb pamur t\u00eb dob\u00ebsuar nga shoqata e t\u00eb verb\u00ebrve, personat nga shoqata e t\u00eb  shurdh\u00ebr dhe nga  shoqata Down Syndrome Kosova.<\/p>\n<p>Pra sonte , si edhe shum\u00eb hera tjera KBI bashkoi  t\u00eb gjitha shoqatat me t\u00eb cilat n\u00ebp\u00ebrmjet Handakosi zhvillon aktivitet dhe ka bashk\u00ebpunim t\u00eb mir\u00eb  me t\u00eb gjitha shoqatat.<\/p>\n<p>Me k\u00ebt\u00eb iftar t\u00eb p\u00ebrbashk\u00ebt me prezenc\u00ebn e tyre  mor\u00ebn pjes\u00eb  Bujar Kadriu,  nga forumi i rrjetit  t\u00eb organizatave  t\u00eb personave me aft\u00ebsi t\u00eb kufizuar n\u00eb nivel  republikan. Enver Kurtalani  i shoqat\u00ebs s\u00eb t\u00eb shurdh\u00ebve n\u00eb nivel nacional, Fatmir Shurdhani, Bajram Spahiu  kryetar i shoqat\u00ebs  s\u00eb t\u00eb verb\u00ebrve  nd\u00ebr komunal,  Elmedina Morina  nga shoqata Down Syndrome Kosova.<\/p>\n<p>Kryeimami i KBI t\u00eb Gjilanit  Iljaz ef. Mustafa,  pjes\u00ebmarr\u00ebsve n\u00eb iftarin e shtruar p\u00ebr nder\u00eb t\u00eb tyre iu shprehi mir\u00ebseardhje e fal\u00ebnderim, duke  iu lut Zotit q\u00eb t\u00eb iu pranohet axhirimi  i k\u00ebsaj dite t\u00eb  muaji t\u00eb shenjt\u00eb t\u00eb Ramazanit dhe  axhirim t\u00eb leht\u00eb n\u00eb dit\u00ebt n\u00eb vazhdim. Pastaj  kryeimami Mustafa   t\u00eb pranimeve  iu p\u00ebrkujtoi r\u00ebnd\u00ebsin\u00eb shpirt\u00ebrore  q\u00eb ka Muaji i shenjt\u00eb i ramazanit p\u00ebr besimtar\u00ebt dhe  porosit\u00eb q\u00eb jep muaji i Ramazanit si dhurat\u00eb e Allahut xh.sh. \u201cRamazani dhe agj\u00ebrimi ndihmojn\u00eb n\u00eb forcimin e shoq\u00ebrizimit t\u00eb njeriut, t\u00eb marr\u00ebdh\u00ebnieve t\u00eb tij brenda n\u00eb familje dhe me pjes\u00ebtar\u00ebt e tjer\u00eb t\u00eb shoq\u00ebris\u00eb\u201d tha nd\u00ebr t\u00eb tjera kryeimami Mustafa.<\/p>\n<p>N\u00eb em\u00ebr t\u00eb  ftuarave p\u00ebr respektin e  treguar p\u00ebr  k\u00ebta persona u fal\u00ebnderuan  Bujar Kadriu, Fatmir  Shurdhani dhe  Bajram Spahiu.  <\/p>\n<p><img loading=\"lazy\" loading=\"lazy\" decoding=\"async\" src=\"http:\/\/radiostargjilan.com\/web\/wp-content\/uploads\/2019\/05\/DB6EDAF7-4CFB-4B13-A663-C0DE8D059233.jpeg\" alt=\"\" width=\"1024\" height=\"683\" class=\"aligncenter size-full wp-image-40143\" srcset=\"https:\/\/radiostargjilan.com\/web\/wp-content\/uploads\/2019\/05\/DB6EDAF7-4CFB-4B13-A663-C0DE8D059233.jpeg 1024w, https:\/\/radiostargjilan.com\/web\/wp-content\/uploads\/2019\/05\/DB6EDAF7-4CFB-4B13-A663-C0DE8D059233-600x400.jpeg 600w, https:\/\/radiostargjilan.com\/web\/wp-content\/uploads\/2019\/05\/DB6EDAF7-4CFB-4B13-A663-C0DE8D059233-300x200.jpeg 300w, https:\/\/radiostargjilan.com\/web\/wp-content\/uploads\/2019\/05\/DB6EDAF7-4CFB-4B13-A663-C0DE8D059233-768x512.jpeg 768w\" sizes=\"auto, (max-width: 1024px) 100vw, 1024px\" \/><\/p>\n<p><img loading=\"lazy\" loading=\"lazy\" decoding=\"async\" src=\"http:\/\/radiostargjilan.com\/web\/wp-content\/uploads\/2019\/05\/6F06D9F5-D2A8-4A46-AC69-7CCBE9993481.jpeg\" alt=\"\" width=\"1024\" height=\"683\" class=\"aligncenter size-full wp-image-40144\" srcset=\"https:\/\/radiostargjilan.com\/web\/wp-content\/uploads\/2019\/05\/6F06D9F5-D2A8-4A46-AC69-7CCBE9993481.jpeg 1024w, https:\/\/radiostargjilan.com\/web\/wp-content\/uploads\/2019\/05\/6F06D9F5-D2A8-4A46-AC69-7CCBE9993481-600x400.jpeg 600w, https:\/\/radiostargjilan.com\/web\/wp-content\/uploads\/2019\/05\/6F06D9F5-D2A8-4A46-AC69-7CCBE9993481-300x200.jpeg 300w, https:\/\/radiostargjilan.com\/web\/wp-content\/uploads\/2019\/05\/6F06D9F5-D2A8-4A46-AC69-7CCBE9993481-768x512.jpeg 768w\" sizes=\"auto, (max-width: 1024px) 100vw, 1024px\" \/><\/p>\n","protected":false},"excerpt":{"rendered":"<p>N\u00eb lokalet e Medreses \u201c Alaudin\u201d n\u00eb Gjilan, K\u00ebshilli i Bashk\u00ebsis\u00eb Islame n\u00eb Gjilan, shtroi iftar p\u00ebr personat me aft\u00ebsi t\u00eb kufizuar. N\u00eb iftarin e shtruar p\u00ebr personat me aft\u00ebsi t\u00eb kufizuar KBI tuboi m\u00eb se 80 persona nga shoqata Handikos q\u00eb p\u00ebrfshin\u00eb personat me zhvillim t\u00eb vonsh\u00ebm mendor dhe me d\u00ebmtime fizike, personat me [&hellip;]<\/p>\n","protected":false},"author":1,"featured_media":40145,"comment_status":"closed","ping_status":"closed","sticky":false,"template":"","format":"standard","meta":{"footnotes":""},"categories":[5],"tags":[],"class_list":{"0":"post-40142","1":"post","2":"type-post","3":"status-publish","4":"format-standard","5":"has-post-thumbnail","7":"category-lajme"},"_links":{"self":[{"href":"https:\/\/radiostargjilan.com\/web\/wp-json\/wp\/v2\/posts\/40142","targetHints":{"allow":["GET"]}}],"collection":[{"href":"https:\/\/radiostargjilan.com\/web\/wp-json\/wp\/v2\/posts"}],"about":[{"href":"https:\/\/radiostargjilan.com\/web\/wp-json\/wp\/v2\/types\/post"}],"author":[{"embeddable":true,"href":"https:\/\/radiostargjilan.com\/web\/wp-json\/wp\/v2\/users\/1"}],"replies":[{"embeddable":true,"href":"https:\/\/radiostargjilan.com\/web\/wp-json\/wp\/v2\/comments?post=40142"}],"version-history":[{"count":0,"href":"https:\/\/radiostargjilan.com\/web\/wp-json\/wp\/v2\/posts\/40142\/revisions"}],"wp:featuredmedia":[{"embeddable":true,"href":"https:\/\/radiostargjilan.com\/web\/wp-json\/wp\/v2\/media\/40145"}],"wp:attachment":[{"href":"https:\/\/radiostargjilan.com\/web\/wp-json\/wp\/v2\/media?parent=40142"}],"wp:term":[{"taxonomy":"category","embeddable":true,"href":"https:\/\/radiostargjilan.com\/web\/wp-json\/wp\/v2\/categories?post=40142"},{"taxonomy":"post_tag","embeddable":true,"href":"https:\/\/radiostargjilan.com\/web\/wp-json\/wp\/v2\/tags?post=40142"}],"curies":[{"name":"wp","href":"https:\/\/api.w.org\/{rel}","templated":true}]}}