{"id":40496,"date":"2019-06-03T19:20:35","date_gmt":"2019-06-03T19:20:35","guid":{"rendered":"http:\/\/radiostargjilan.com\/web\/?p=40496"},"modified":"2019-06-03T19:20:35","modified_gmt":"2019-06-03T19:20:35","slug":"iniciativa-per-te-pushuar-te-dielen-ka-dale-nga-komuna-e-gjilanit-te-tjeret-ishin-spektatore","status":"publish","type":"post","link":"https:\/\/radiostargjilan.com\/web\/iniciativa-per-te-pushuar-te-dielen-ka-dale-nga-komuna-e-gjilanit-te-tjeret-ishin-spektatore\/","title":{"rendered":"Iniciativa p\u00ebr t\u00eb pushuar t\u00eb diel\u00ebn ka dal\u00eb nga Komuna e Gjilanit, t\u00eb tjer\u00ebt ishin spektator\u00eb!"},"content":{"rendered":"<p>Komuna e Gjilanit k\u00ebto dit\u00eb, ka nd\u00ebrmarr\u00eb iniciativ\u00ebn p\u00ebr t\u00eb ndryshuar Rregulloren p\u00ebr fillimin dhe mbarimin e orarit t\u00eb pun\u00ebs s\u00eb subjekteve afariste n\u00eb territorin e Komun\u00ebs s\u00eb Gjilanit NR.01.16-59035 t\u00eb dat\u00ebs 27.06.2013.<br \/>\nNga: Burim Berisha<\/p>\n<p>N\u00eb favor t\u00eb k\u00ebsaj, \u00ebsht\u00eb organizuar D\u00ebgjim Publik me dat\u00ebn 13 Maj t\u00eb k\u00ebtij viti, t\u00eb ftuar kan\u00eb qen\u00eb zyrtar\u00ebt, qytetar\u00ebt, shoqatat, grupet e interesit, bizneset si dhe bart\u00ebsit e institucioneve t\u00eb Komun\u00ebs dhe t\u00eb Kuvendit \u2013 ku p\u00ebr fat t\u00eb keq ishte vet\u00ebm nj\u00eb num\u00ebr simbolik i t\u00eb interesuarve, p\u00ebr k\u00ebt\u00eb plot\u00ebsim dhe ndryshim rregullore.<\/p>\n<p>Komiteti p\u00ebr Zhvillim Ekonomik n\u00eb t\u00eb cilin jam kryesues, ka organizuar takim me dat\u00ebn 20.05.2019, enkas p\u00ebr k\u00ebt\u00eb \u00e7\u00ebshtje. Sepse k\u00ebto plot\u00ebsim ndryshime, s\u00eb pari duhet t\u00eb diskutohen n\u00eb k\u00ebt\u00eb trup t\u00eb kuvendit komunal, e pastaj duhet t\u00eb p\u00ebrcillen n\u00eb KPF dhe n\u00eb fund n\u00eb kuvendin komunal p\u00ebr aprovim.<\/p>\n<p>Komiteti p\u00ebr Zhvillim Ekonomik, i cili \u00ebsht\u00eb i p\u00ebrb\u00ebr\u00eb nga subjektet m\u00eb t\u00eb m\u00ebdha politike n\u00eb KK Gjilan (LDK, VV, PDK dhe AAK), ka shqyrtuar me v\u00ebmendje rregulloren dhe k\u00ebrkesat p\u00ebr plot\u00ebsim ndryshim t\u00eb rregullores s\u00eb vitit 2013.<\/p>\n<p>Ne si komitet, gjat\u00eb takimit mbi k\u00ebt\u00eb rregullore, kemi pasur edhe nj\u00eb mori rekomandimesh p\u00ebr Drejtorin\u00eb e Zhvillimit Ekonomik dhe Kuvendin Komunal, ku kjo rregullore n\u00ebse kalon, duhet meren n\u00eb konsiderat\u00eb edhe k\u00ebto rekomandime:<\/p>\n<p>1. Bizneset t\u00eb cilat do t\u00eb pushojn\u00eb t\u00eb dielave dhe dit\u00ebve t\u00eb festave zyrtare, t\u00eb p\u00ebrcaktohen edhe me an\u00eb t\u00eb kodeve t\u00eb aktiviteteve (NACE 2) primare dhe sekondare;<\/p>\n<p>2. Pjes\u00eb e k\u00ebtij plot\u00ebsim dhe ndryshim rregullore, t\u00eb jen\u00eb edhe furrat e buk\u00ebs, t\u00eb b\u00ebhet nj\u00eb list\u00eb e kujdestaris\u00eb nga ana e shoqat\u00ebs s\u00eb furrtar\u00ebve dhe p\u00ebr \u00e7do t\u00eb diele t\u00eb punoj\u00eb nj\u00eb deri n\u00eb dy furra maksimum;.<\/p>\n<p>3. Kjo rregullore t\u00eb vlej edhe p\u00ebr marketet t\u00eb cilat gjinden n\u00eb pompat e benzin\u00ebs.<\/p>\n<p>4. Drejtoria e Zhvillimit Ekonomik, t\u00eb ket\u00eb kontakte me komunat fqinje dhe t\u00eb shikoj se a e kan\u00eb edhe komunat fqinje n\u00eb planin vjetor t\u00eb pun\u00ebs hartimin e nj\u00eb rregulloreje t\u00eb till\u00eb, mbi fillimin dhe mbarimin e orarit t\u00eb pun\u00ebs dhe pushimin n\u00eb dit\u00ebn e diel dhe gjat\u00eb festave zyrtare;<\/p>\n<p>5. T\u00eb b\u00ebhet inspektimi m\u00eb i shpesht\u00eb nga ana e inspektor\u00ebve t\u00eb pun\u00ebs n\u00eb bashk\u00ebpunim me inspektor\u00ebt komunal dhe t\u00eb kontrollohet lista e pun\u00ebtor\u00ebve dhe zbatimin e ligjit t\u00eb pun\u00ebs Nr. 03\/ L-212.<\/p>\n<p>6. Plot\u00ebsimet dhe ndryshimet n\u00eb rregullore t\u00eb p\u00ebrcillen me kujdes nga DZHE, p\u00ebr nj\u00eb periudh\u00eb 3 mujore, p\u00ebr t\u00eb par\u00eb ndikimet negative n\u00eb zvog\u00eblimin e t\u00eb pun\u00ebsuarve dhe ikjen e investitor\u00ebve n\u00eb qytetet tjera t\u00eb Kosov\u00ebs<\/p>\n<p>7. T\u00eb kufizohet puna e marketeve gjat\u00eb dit\u00ebve t\u00eb jav\u00ebs prej or\u00ebs 07:00 deri 22:00<\/p>\n<p>8. T\u00eb harmonizohen veprimet me komunat fqinje (Novob\u00ebrda, Parteshi, Kamenica, Vitia, Kllokoti, Ranillugu) q\u00eb bizneset gjilanase t\u00eb mos ndihen t\u00eb diskriminuara n\u00eb raport me bizneset e komunave tjera.<\/p>\n<p>9. T\u00eb shikohet p\u00ebr nj\u00eb ligj t\u00eb nj\u00ebjt\u00eb p\u00ebr gjith\u00eb territorin e Kosov\u00ebs mbi pushimin t\u00eb dielave dhe dit\u00ebve t\u00eb festave zyrtare.<\/p>\n<p>10. Pjes\u00ebt m\u00eb t\u00eb ndjeshme t\u00eb zbatimit t\u00eb k\u00ebsaj rregulloreje, ku duhet t\u00eb ken\u00eb nj\u00eb inspektim m\u00eb t\u00eb ve\u00e7ant\u00eb p\u00ebr momentin jan\u00eb lokacionet p\u00ebrgjat\u00eb rrug\u00ebve:<br \/>\nRruga Qarkore: Novob\u00ebrd\u00eb \u2013 Gjilan<br \/>\nRruga e Ferizajt: Livo\u00e7 i Posht\u00ebm (Gjilan) \u2013 Partesh<br \/>\nRruga e Kamenic\u00ebs: Dob\u00ebr\u00e7an (Gjilan) \u2013 Petroc (Kamenic\u00eb)<br \/>\nRrufa: Nasal\u00eb (Gjilan) \u2013 Viti<\/p>\n<p>Para se t\u00eb luajm\u00eb me ndjenjat e pun\u00ebtor\u00ebve apo t\u00eb shkaktojm\u00eb p\u00ebr\u00e7arje pun\u00ebtor-pun\u00ebdh\u00ebn\u00ebs, ne duhet t\u00eb jemi t\u00eb p\u00ebrgjegjsh\u00ebm n\u00eb paraqitjet tona, drejtuar mediave t\u00eb shkruara apo televizioneve.<\/p>\n<p>Nuk guxojm\u00eb t\u00eb shkaktojm\u00eb polarizim t\u00eb shoq\u00ebris\u00eb por t\u00eb gjith\u00eb duhet t\u00eb kontribuojm\u00eb drejt nj\u00eb zgjidhje t\u00eb p\u00ebrbashk\u00ebt, me pun\u00ebtor\u00ebt, bizneset dhe komunat fqinje.<\/p>\n<p>Komuna s\u00eb bashku me k\u00ebshilltar\u00ebt komunal, ishte promotorja e ndryshimit dhe plot\u00ebsimit t\u00eb k\u00ebsaj rregulloreje, n\u00eb t\u00eb mir\u00eb t\u00eb pun\u00ebtor\u00ebve t\u00eb sektorit privat dhe respektim t\u00eb ligjit mbi pun\u00ebn.<\/p>\n<p>Edhe kjo rregullore do t\u00eb b\u00ebhet, si shum\u00eb t\u00eb tjera n\u00eb t\u00eb mir\u00eb t\u00eb qytetar\u00ebve. Iniciativa p\u00ebr t\u00eb pushuar t\u00eb diel\u00ebn ka dal\u00eb nga Komuna e Gjilanit, kur t\u00eb tjer\u00ebt ishin spektator\u00eb.<\/p>\n<p>Burim Berisha<br \/>\nKryesues i Komitetit p\u00ebr ZH.E.A<\/p>\n","protected":false},"excerpt":{"rendered":"<p>Komuna e Gjilanit k\u00ebto dit\u00eb, ka nd\u00ebrmarr\u00eb iniciativ\u00ebn p\u00ebr t\u00eb ndryshuar Rregulloren p\u00ebr fillimin dhe mbarimin e orarit t\u00eb pun\u00ebs s\u00eb subjekteve afariste n\u00eb territorin e Komun\u00ebs s\u00eb Gjilanit NR.01.16-59035 t\u00eb dat\u00ebs 27.06.2013. Nga: Burim Berisha N\u00eb favor t\u00eb k\u00ebsaj, \u00ebsht\u00eb organizuar D\u00ebgjim Publik me dat\u00ebn 13 Maj t\u00eb k\u00ebtij viti, t\u00eb ftuar kan\u00eb qen\u00eb [&hellip;]<\/p>\n","protected":false},"author":1,"featured_media":40497,"comment_status":"closed","ping_status":"closed","sticky":false,"template":"","format":"standard","meta":{"footnotes":""},"categories":[5],"tags":[],"class_list":{"0":"post-40496","1":"post","2":"type-post","3":"status-publish","4":"format-standard","5":"has-post-thumbnail","7":"category-lajme"},"_links":{"self":[{"href":"https:\/\/radiostargjilan.com\/web\/wp-json\/wp\/v2\/posts\/40496","targetHints":{"allow":["GET"]}}],"collection":[{"href":"https:\/\/radiostargjilan.com\/web\/wp-json\/wp\/v2\/posts"}],"about":[{"href":"https:\/\/radiostargjilan.com\/web\/wp-json\/wp\/v2\/types\/post"}],"author":[{"embeddable":true,"href":"https:\/\/radiostargjilan.com\/web\/wp-json\/wp\/v2\/users\/1"}],"replies":[{"embeddable":true,"href":"https:\/\/radiostargjilan.com\/web\/wp-json\/wp\/v2\/comments?post=40496"}],"version-history":[{"count":0,"href":"https:\/\/radiostargjilan.com\/web\/wp-json\/wp\/v2\/posts\/40496\/revisions"}],"wp:featuredmedia":[{"embeddable":true,"href":"https:\/\/radiostargjilan.com\/web\/wp-json\/wp\/v2\/media\/40497"}],"wp:attachment":[{"href":"https:\/\/radiostargjilan.com\/web\/wp-json\/wp\/v2\/media?parent=40496"}],"wp:term":[{"taxonomy":"category","embeddable":true,"href":"https:\/\/radiostargjilan.com\/web\/wp-json\/wp\/v2\/categories?post=40496"},{"taxonomy":"post_tag","embeddable":true,"href":"https:\/\/radiostargjilan.com\/web\/wp-json\/wp\/v2\/tags?post=40496"}],"curies":[{"name":"wp","href":"https:\/\/api.w.org\/{rel}","templated":true}]}}