{"id":40499,"date":"2019-06-04T08:28:02","date_gmt":"2019-06-04T08:28:02","guid":{"rendered":"http:\/\/radiostargjilan.com\/web\/?p=40499"},"modified":"2019-06-04T08:28:02","modified_gmt":"2019-06-04T08:28:02","slug":"ternava-fton-te-gjithe-te-mos-braktisin-kosoven-kerkon-unitet-politik","status":"publish","type":"post","link":"https:\/\/radiostargjilan.com\/web\/ternava-fton-te-gjithe-te-mos-braktisin-kosoven-kerkon-unitet-politik\/","title":{"rendered":"T\u00cbRNAVA FTON T\u00cb GJITH\u00cb T\u00cb MOS BRAKTISIN KOSOV\u00cbN, K\u00cbRKON UNITET POLITIK"},"content":{"rendered":"<p>N\u00eb Kosov\u00eb dhe n\u00eb vendet tjera \u00ebshtl sh\u00ebnuar dita e par\u00eb e Fest\u00ebs s\u00eb Fit\u00ebr Bajramit.<\/p>\n<p>Nj\u00eb dit\u00eb m\u00eb par\u00eb ka p\u00ebrfunduar muaji i madh\u00ebruar i Ramazanit.<\/p>\n<p>Dita e par\u00eb e fest\u00ebs s\u00eb Fit\u00ebr &#8211; Bajramit \u00ebsht\u00eb sot.<\/p>\n<p>Manifestimi qendror p\u00ebr fest\u00ebn e Fit\u00ebr &#8211; Bajramit p\u00ebr Republik\u00ebn e Kosov\u00ebs \u00ebsht\u00eb mbajtur n\u00eb Xhamin\u00eb e Madhe n\u00eb Prishtin\u00eb.<\/p>\n<p>Myftiu i Kosov\u00ebs Naim T\u00ebrnava u ka b\u00ebr\u00eb thirrje t\u00eb gjith\u00ebve q\u00eb t\u00eb mos braktisin Kosov\u00ebn, t\u00eb mos migrojn\u00eb, nd\u00ebrkoh\u00eb b\u00ebn\u00eb thirrje p\u00ebr unitet, edhe politik, q\u00eb t\u00eb krijohen vende pun\u00eb dhe siguri e mir\u00ebqenie p\u00ebr t\u00eb gjith\u00eb.<\/p>\n<p>N\u00eb Hytben e Fit\u00ebr \u2013 Bajramit, T\u00ebrnava ka th\u00ebn\u00eb se t\u00eb gjith\u00eb krenohen me vendin e tyre, se atdheu meriton sakrific\u00ebn dhe se ai q\u00eb i b\u00ebn\u00eb keq vatanit nuk e di \u00e7ka \u00ebsht\u00eb vdekja.<\/p>\n<p>Sipas tij, gjendja e r\u00ebnd\u00eb ekonomike duhet t\u00eb luftohet dhe duhet q\u00eb t\u00eb gjith\u00eb t\u00eb angazhohen p\u00ebr t\u00eb mir\u00ebn e vendit, q\u00eb \u00ebsht\u00eb edhe amaneti i atyre q\u00eb jan\u00eb d\u00ebshmor\u00eb.<\/p>\n<p>\u201cT\u00eb mos e l\u00ebm\u00eb, t\u00eb mos largohemi, t\u00eb mos migrojm\u00eb, por t\u00eb punojm\u00eb p\u00ebr dit\u00eb m\u00eb t\u00eb mira t\u00eb atdheut ton\u00eb.  Fjal\u00ebt e mia do t\u00eb doja t\u00eb d\u00ebgjohen si thirrje p\u00ebr t\u00eb gjith\u00eb ne, p\u00ebr popull e Qeveri, t\u00eb reflektojm\u00eb n\u00eb t\u00eb mir\u00ebn dhe p\u00ebr t\u00eb mir\u00ebn e atdheut, tu krijohen mund\u00ebsi t\u00eb reja p\u00ebr pun\u00ebsim rinis\u00eb ton\u00eb, n\u00eb m\u00ebnyr\u00eb q\u00eb ata t\u00eb mos e marrin bot\u00ebn n\u00eb sy, q\u00eb tek ne t\u00eb rinjt\u00eb tan\u00eb t\u00eb mos fitohet p\u00ebrshtypja se ky vend \u00ebsht\u00eb i pa perspektiv\u00eb e fatin e tyre p\u00ebr jet\u00eb m\u00eb t\u00eb mir\u00eb t\u00eb mendojn\u00eb se mund ta gjejn\u00eb vet\u00ebm duke u larguar nga Kosova por edhe trojet tona tjera shqiptare\u201d, tha ai.<\/p>\n","protected":false},"excerpt":{"rendered":"<p>N\u00eb Kosov\u00eb dhe n\u00eb vendet tjera \u00ebshtl sh\u00ebnuar dita e par\u00eb e Fest\u00ebs s\u00eb Fit\u00ebr Bajramit. Nj\u00eb dit\u00eb m\u00eb par\u00eb ka p\u00ebrfunduar muaji i madh\u00ebruar i Ramazanit. Dita e par\u00eb e fest\u00ebs s\u00eb Fit\u00ebr &#8211; Bajramit \u00ebsht\u00eb sot. Manifestimi qendror p\u00ebr fest\u00ebn e Fit\u00ebr &#8211; Bajramit p\u00ebr Republik\u00ebn e Kosov\u00ebs \u00ebsht\u00eb mbajtur n\u00eb Xhamin\u00eb e [&hellip;]<\/p>\n","protected":false},"author":1,"featured_media":40500,"comment_status":"closed","ping_status":"closed","sticky":false,"template":"","format":"standard","meta":{"footnotes":""},"categories":[5],"tags":[],"class_list":{"0":"post-40499","1":"post","2":"type-post","3":"status-publish","4":"format-standard","5":"has-post-thumbnail","7":"category-lajme"},"_links":{"self":[{"href":"https:\/\/radiostargjilan.com\/web\/wp-json\/wp\/v2\/posts\/40499","targetHints":{"allow":["GET"]}}],"collection":[{"href":"https:\/\/radiostargjilan.com\/web\/wp-json\/wp\/v2\/posts"}],"about":[{"href":"https:\/\/radiostargjilan.com\/web\/wp-json\/wp\/v2\/types\/post"}],"author":[{"embeddable":true,"href":"https:\/\/radiostargjilan.com\/web\/wp-json\/wp\/v2\/users\/1"}],"replies":[{"embeddable":true,"href":"https:\/\/radiostargjilan.com\/web\/wp-json\/wp\/v2\/comments?post=40499"}],"version-history":[{"count":0,"href":"https:\/\/radiostargjilan.com\/web\/wp-json\/wp\/v2\/posts\/40499\/revisions"}],"wp:featuredmedia":[{"embeddable":true,"href":"https:\/\/radiostargjilan.com\/web\/wp-json\/wp\/v2\/media\/40500"}],"wp:attachment":[{"href":"https:\/\/radiostargjilan.com\/web\/wp-json\/wp\/v2\/media?parent=40499"}],"wp:term":[{"taxonomy":"category","embeddable":true,"href":"https:\/\/radiostargjilan.com\/web\/wp-json\/wp\/v2\/categories?post=40499"},{"taxonomy":"post_tag","embeddable":true,"href":"https:\/\/radiostargjilan.com\/web\/wp-json\/wp\/v2\/tags?post=40499"}],"curies":[{"name":"wp","href":"https:\/\/api.w.org\/{rel}","templated":true}]}}