{"id":40627,"date":"2019-06-12T11:41:05","date_gmt":"2019-06-12T11:41:05","guid":{"rendered":"http:\/\/radiostargjilan.com\/web\/?p=40627"},"modified":"2019-06-12T11:41:05","modified_gmt":"2019-06-12T11:41:05","slug":"gjilani-mban-seance-solemne-kushtuar-20-vjetorit-te-clirimit","status":"publish","type":"post","link":"https:\/\/radiostargjilan.com\/web\/gjilani-mban-seance-solemne-kushtuar-20-vjetorit-te-clirimit\/","title":{"rendered":"Gjilani mban seanc\u00eb solemne kushtuar 20-vjetorit t\u00eb \u00e7lirimit"},"content":{"rendered":"<p>P\u00ebr nder t\u00eb 20-vjetorit t\u00eb \u00e7lirimit, Kuvendi Komunal i Gjilanit ka mbajtur sot nj\u00eb seanc\u00eb solemne, me pjes\u00ebmarrje t\u00eb kryetarit Lutfi Haziri, Mehmet Halimit si Qytetar Nderi t\u00eb k\u00ebsaj komune, sikurse edhe t\u00eb deputet\u00ebve, p\u00ebrfaq\u00ebsuesve t\u00eb policis\u00eb, prokuroris\u00eb, familjeve t\u00eb d\u00ebshmor\u00ebve e p\u00ebrfaq\u00ebsuesve t\u00eb organazitave t\u00eb dala nga lufta e U\u00c7K-s\u00eb.<\/p>\n<p>Kryesueja e Kuvendit Komunal, Shpresa Kurteshi Emini, pasi ka uruar p\u00ebr k\u00ebt\u00eb dit\u00eb historike, tha se qershori p\u00ebr Gjilanin dhe Kosov\u00ebn ka simbolik\u00eb t\u00eb liris\u00eb dhe shpres\u00ebs.<\/p>\n<p>N\u00eb k\u00ebt\u00eb rast, ajo ka kujtuar me pietet d\u00ebshmor\u00ebt, heronjt\u00eb dhe martir\u00ebt e kombit, nd\u00ebrkaq ka shprehur mir\u00ebnjohje p\u00ebr mb\u00ebshtetjen e miqve nd\u00ebrkomb\u00ebtar n\u00eb momentet m\u00eb t\u00eb r\u00ebnda p\u00ebr popullin e Kosov\u00ebs.<\/p>\n<p>Mehmet Halimi, i cili \u00ebsht\u00eb edhe Qytetar Nderi i Gjilanit, n\u00eb adresimin para asambleist\u00ebve, ka deklaruar se sot po e sh\u00ebnojm\u00eb 20-vjetorin e liris\u00eb n\u00eb m\u00ebnyr\u00eb madh\u00ebshtore, duke shtuar se mburret me kontributin deri n\u00eb flijim t\u00eb d\u00ebshmor\u00ebve q\u00eb prej Idriz Seferit, Mulla Idriz Gjilanit e deri tek kolosi tjet\u00ebr i Karadakut, Agim Ramadani.<\/p>\n<p>Shefi i Grupit t\u00eb K\u00ebshilltar\u00ebve t\u00eb LDK\u2019s\u00eb, Avdyl Aliu, ka shprehur respekt t\u00eb thell\u00eb p\u00ebr secilin q\u00eb ka kontribuar p\u00ebr dit\u00ebt e sotme, n\u00eb ve\u00e7anti respekt deri n\u00eb p\u00ebrulje p\u00ebr heronjt\u00eb, d\u00ebshmor\u00ebve dhe martir\u00ebt e kombit t\u00eb cil\u00ebt ran\u00eb n\u00eb altarin e liris\u00eb.<\/p>\n<p>\u201cNga k\u00ebtu, zotohemi se do ta b\u00ebjm\u00eb m\u00eb t\u00eb mir\u00ebn p\u00ebr t\u00eb mir\u00ebn e p\u00ebrgjithshme. \u00cbsht\u00eb tep\u00ebr e r\u00ebnd\u00ebsishme q\u00eb q\u00eb shqiptar\u00ebt p\u00ebr asnj\u00eb moment nuk i ka l\u00ebn\u00eb vet\u00ebm lavdia dhe krenaria. Mir\u00ebnjohje t\u00eb thell\u00eb edhe p\u00ebr bashk\u00ebsin\u00eb nd\u00ebrkommb\u00ebtare p\u00ebr mb\u00ebshtetjen e madhe n\u00eb or\u00ebt e liga p\u00ebr neve\u201d, ka th\u00ebn\u00eb Aliu.<\/p>\n<p>Nd\u00ebrkoh\u00eb, gjat\u00eb adresimit para kuvendar\u00ebve, shefi i Grupit t\u00eb K\u00ebshilltar\u00ebve t\u00eb VV-s\u00eb, Nevzad Isufi, pohoi se na b\u00ebn\u00eb krenar fakti q\u00eb populli i Kosov\u00ebs, gjat\u00eb gjith\u00eb ekzistenc\u00ebs s\u00eb tij, asnj\u00ebher\u00eb nuk ka b\u00ebr\u00eb luft\u00eb pushtuese, duke shprehur mir\u00ebnjohjen p\u00ebr luft\u00ebtar\u00ebt e liris\u00eb dhe bashk\u00ebsin\u00eb nd\u00ebrkomb\u00ebtare t\u00eb cil\u00ebt intervenuan p\u00ebr ta shp\u00ebtuar popullin e Kosov\u00ebs.<\/p>\n<p>N\u00eb fund, shefi i GK t\u00eb PDK\u2019s\u00eb, Riza Abdyli, ka th\u00ebn\u00eb se \u00ebsht\u00eb e r\u00ebnd\u00ebsishme q\u00eb p\u00ebr k\u00ebto 20 vite asnj\u00ebher\u00eb nuk e kemi harruar miqt\u00eb tan\u00eb q\u00eb i dhan\u00eb fund tragjedis\u00eb s\u00eb Kosov\u00ebs, sikurse edhe t\u00eb gjith\u00eb burrat dhe grat\u00eb q\u00eb dhan\u00eb m\u00eb t\u00eb shtrenjt\u00ebn p\u00ebr lirin\u00eb e sotme. <\/p>\n<p>Gjat\u00eb dit\u00ebs, mbahen edhe aktivitetet tjera, ku p\u00ebrfshihet parakalimi i nj\u00ebsiteve t\u00eb FSK-s\u00eb, Policis\u00eb s\u00eb Kosov\u00ebs, Nj\u00ebsitit t\u00eb Zjarrfik\u00ebsve, mantelbardh\u00ebve, rojet e pyjeve, artizanatet, f\u00ebmij\u00ebt parashkollor, ekspozit\u00eb e hapur me performanc\u00eb artistike nga shkolla e artit pamor dhe shkoll\u00ebs s\u00eb muzik\u00ebs.\u200b<\/p>\n","protected":false},"excerpt":{"rendered":"<p>P\u00ebr nder t\u00eb 20-vjetorit t\u00eb \u00e7lirimit, Kuvendi Komunal i Gjilanit ka mbajtur sot nj\u00eb seanc\u00eb solemne, me pjes\u00ebmarrje t\u00eb kryetarit Lutfi Haziri, Mehmet Halimit si Qytetar Nderi t\u00eb k\u00ebsaj komune, sikurse edhe t\u00eb deputet\u00ebve, p\u00ebrfaq\u00ebsuesve t\u00eb policis\u00eb, prokuroris\u00eb, familjeve t\u00eb d\u00ebshmor\u00ebve e p\u00ebrfaq\u00ebsuesve t\u00eb organazitave t\u00eb dala nga lufta e U\u00c7K-s\u00eb. Kryesueja e Kuvendit Komunal, [&hellip;]<\/p>\n","protected":false},"author":1,"featured_media":40628,"comment_status":"closed","ping_status":"closed","sticky":false,"template":"","format":"standard","meta":{"footnotes":""},"categories":[5],"tags":[],"class_list":{"0":"post-40627","1":"post","2":"type-post","3":"status-publish","4":"format-standard","5":"has-post-thumbnail","7":"category-lajme"},"_links":{"self":[{"href":"https:\/\/radiostargjilan.com\/web\/wp-json\/wp\/v2\/posts\/40627","targetHints":{"allow":["GET"]}}],"collection":[{"href":"https:\/\/radiostargjilan.com\/web\/wp-json\/wp\/v2\/posts"}],"about":[{"href":"https:\/\/radiostargjilan.com\/web\/wp-json\/wp\/v2\/types\/post"}],"author":[{"embeddable":true,"href":"https:\/\/radiostargjilan.com\/web\/wp-json\/wp\/v2\/users\/1"}],"replies":[{"embeddable":true,"href":"https:\/\/radiostargjilan.com\/web\/wp-json\/wp\/v2\/comments?post=40627"}],"version-history":[{"count":0,"href":"https:\/\/radiostargjilan.com\/web\/wp-json\/wp\/v2\/posts\/40627\/revisions"}],"wp:featuredmedia":[{"embeddable":true,"href":"https:\/\/radiostargjilan.com\/web\/wp-json\/wp\/v2\/media\/40628"}],"wp:attachment":[{"href":"https:\/\/radiostargjilan.com\/web\/wp-json\/wp\/v2\/media?parent=40627"}],"wp:term":[{"taxonomy":"category","embeddable":true,"href":"https:\/\/radiostargjilan.com\/web\/wp-json\/wp\/v2\/categories?post=40627"},{"taxonomy":"post_tag","embeddable":true,"href":"https:\/\/radiostargjilan.com\/web\/wp-json\/wp\/v2\/tags?post=40627"}],"curies":[{"name":"wp","href":"https:\/\/api.w.org\/{rel}","templated":true}]}}